{"id":25040,"date":"2021-09-09T07:00:24","date_gmt":"2021-09-09T10:00:24","guid":{"rendered":"http:\/\/www.yungayino.cl\/noticias\/?p=25040"},"modified":"2021-09-02T16:38:53","modified_gmt":"2021-09-02T19:38:53","slug":"18-profesionales-medicos-llegan-a-nuble-a-fortalecer-la-atencion-primaria-de-salud","status":"publish","type":"post","link":"https:\/\/www.yungayino.cl\/noticias\/?p=25040","title":{"rendered":"18 Profesionales M\u00e9dicos Llegan a \u00d1uble a Fortalecer la Atenci\u00f3n Primaria de Salud"},"content":{"rendered":"<p><img loading=\"lazy\" decoding=\"async\" class=\"alignnone size-full wp-image-25041\" src=\"http:\/\/www.yungayino.cl\/noticias\/wp-content\/uploads\/2021\/09\/salud.jpg\" alt=\"\" width=\"700\" height=\"350\" srcset=\"https:\/\/www.yungayino.cl\/noticias\/wp-content\/uploads\/2021\/09\/salud.jpg 700w, https:\/\/www.yungayino.cl\/noticias\/wp-content\/uploads\/2021\/09\/salud-300x150.jpg 300w\" sizes=\"auto, (max-width: 700px) 100vw, 700px\" \/><\/p>\n<p style=\"text-align: justify;\">\u00d1uble, septiembre 2021: Los facultativos en etapa de Destinaci\u00f3n, tambi\u00e9n conocidos como Generales de Zona, llegan a integrarse a 13 centros de salud de la Regi\u00f3n.<\/p>\n<p style=\"text-align: justify;\">Un hito muy importante lider\u00f3 el Servicio de Salud \u00d1uble (SS\u00d1), luego de dar la bienvenida a 18 profesionales, quienes se integraron a 13 centros de atenci\u00f3n primaria de la Regi\u00f3n, como parte de su Etapa de Destinaci\u00f3n.<\/p>\n<p style=\"text-align: justify;\">En total, son 17 m\u00e9dicos y una odont\u00f3loga, los facultativos que se suman a los establecimientos sanitarios en 9 comunas de \u00d1uble, como parte del tradicional programa de Formaci\u00f3n de M\u00e9dicos y Especialistas del Ministerio de Salud.<\/p>\n<p style=\"text-align: justify;\">Durante la jornada, el Director del SS\u00d1, Ricardo S\u00e1nchez, salud\u00f3 a los j\u00f3venes profesionales y destac\u00f3 su rol en la red asistencial \u201ctenemos la certeza de que se integrar\u00e1n a equipos que los acoger\u00e1n con mucho cari\u00f1o y a una comunidad que les espera con ansias y que est\u00e1 deseosa de conocer a su nuevo doctor o doctora; a esa persona que llega hasta sus hogares con las prestaciones de salud tan requeridas por la ciudadan\u00eda\u201d.<\/p>\n<p style=\"text-align: justify;\">\u201cTradicionalmente conocido como m\u00e9dicos generales de zona, este programa y quienes lo componen, es uno de los grandes orgullos del sistema p\u00fablico de salud, pues nos permite acercar la atenci\u00f3n a las comunidades y sectores m\u00e1s apartados. Esto cobra vital relevancia en regiones como la nuestra, con una alta poblaci\u00f3n rural, vulnerable y con una significativa proporci\u00f3n de personas adultas mayores, que tienen una mayor carga de enfermedades. Adem\u00e1s, el rol de los m\u00e9dicos EDF es a\u00fan m\u00e1s trascendente, toda vez que se desempe\u00f1an en la atenci\u00f3n primaria, que es la puerta de ingreso a nuestra red\u201d, recalc\u00f3 el directivo.<\/p>\n<p style=\"text-align: justify;\">Por su parte, el doctor Juan Pedro Andreu, presidente del Consejo Regional Chill\u00e1n del Colegio M\u00e9dico, declar\u00f3 que \u201cesta iniciativa es posible gracias a que los directivos del Servicio de Salud \u00d1uble y la Seremi Salud creyeron que era necesario apoyar con herramientas a los m\u00e9dicos j\u00f3venes que llegaban a la regi\u00f3n en el inicio de su vida laboral. Este es el tercer a\u00f1o que se desarrolla la inducci\u00f3n y ya tiene una estructura y soporte para permanecer dentro de las actividades de los m\u00e9dicos EDF\u00bb.<\/p>\n<p style=\"text-align: justify;\">\u201cVoy con harta motivaci\u00f3n de entregar mis conocimientos a la gente\u201d<\/p>\n<p style=\"text-align: justify;\">Daniela C\u00e1ceres es m\u00e9dica y llega a integrar el equipo del Cesfam de <strong>Pemuco<\/strong>. Seg\u00fan relat\u00f3, \u201csiempre se nos ha dicho que es una muy buena experiencia, una oportunidad de aprender mucho y desarrollarnos, lo que nos motiva a seguir la especialidad que uno quiera. Desde hace un tiempo hab\u00eda decidido tomar \u00d1uble, porque es mi Regi\u00f3n, quer\u00eda estar en mi ciudad, acompa\u00f1ada con mi familia y amigos y as\u00ed aportar a la Regi\u00f3n con lo que yo s\u00e9 (\u2026) Voy con harta motivaci\u00f3n de entregar mis conocimientos a la gente, educaci\u00f3n en salud y lo que m\u00e1s se pueda\u201d.<\/p>\n<p style=\"text-align: justify;\">Los y las profesionales se desempe\u00f1ar\u00e1n efectuando labores de control de personas con enfermedades cr\u00f3nicas, en extensi\u00f3n horaria, visitas domiciliarias, entre otras acciones, permaneciendo al menos durante 3 a\u00f1os en un establecimiento de atenci\u00f3n primaria para luego acceder a la postulaci\u00f3n de becas de formaci\u00f3n de especialidades m\u00e9dicas.<\/p>\n","protected":false},"excerpt":{"rendered":"<p>\u00d1uble, septiembre 2021: Los facultativos en etapa de Destinaci\u00f3n, tambi\u00e9n conocidos como Generales de Zona, llegan a integrarse a 13 centros de salud de la Regi\u00f3n. Un hito muy importante lider\u00f3 el Servicio de&#46;&#46;&#46;<\/p>\n","protected":false},"author":2,"featured_media":25041,"comment_status":"closed","ping_status":"open","sticky":false,"template":"","format":"standard","meta":{"footnotes":""},"categories":[1,1675],"tags":[1115,65,8,6,117],"class_list":["post-25040","post","type-post","status-publish","format-standard","has-post-thumbnail","hentry","category-noticias","category-saludc","tag-noticias","tag-salud","tag-yungay","tag-yungayino","tag-yungayinocl"],"_links":{"self":[{"href":"https:\/\/www.yungayino.cl\/noticias\/index.php?rest_route=\/wp\/v2\/posts\/25040","targetHints":{"allow":["GET"]}}],"collection":[{"href":"https:\/\/www.yungayino.cl\/noticias\/index.php?rest_route=\/wp\/v2\/posts"}],"about":[{"href":"https:\/\/www.yungayino.cl\/noticias\/index.php?rest_route=\/wp\/v2\/types\/post"}],"author":[{"embeddable":true,"href":"https:\/\/www.yungayino.cl\/noticias\/index.php?rest_route=\/wp\/v2\/users\/2"}],"replies":[{"embeddable":true,"href":"https:\/\/www.yungayino.cl\/noticias\/index.php?rest_route=%2Fwp%2Fv2%2Fcomments&post=25040"}],"version-history":[{"count":2,"href":"https:\/\/www.yungayino.cl\/noticias\/index.php?rest_route=\/wp\/v2\/posts\/25040\/revisions"}],"predecessor-version":[{"id":25043,"href":"https:\/\/www.yungayino.cl\/noticias\/index.php?rest_route=\/wp\/v2\/posts\/25040\/revisions\/25043"}],"wp:featuredmedia":[{"embeddable":true,"href":"https:\/\/www.yungayino.cl\/noticias\/index.php?rest_route=\/wp\/v2\/media\/25041"}],"wp:attachment":[{"href":"https:\/\/www.yungayino.cl\/noticias\/index.php?rest_route=%2Fwp%2Fv2%2Fmedia&parent=25040"}],"wp:term":[{"taxonomy":"category","embeddable":true,"href":"https:\/\/www.yungayino.cl\/noticias\/index.php?rest_route=%2Fwp%2Fv2%2Fcategories&post=25040"},{"taxonomy":"post_tag","embeddable":true,"href":"https:\/\/www.yungayino.cl\/noticias\/index.php?rest_route=%2Fwp%2Fv2%2Ftags&post=25040"}],"curies":[{"name":"wp","href":"https:\/\/api.w.org\/{rel}","templated":true}]}}