{"id":25050,"date":"2021-09-08T08:00:41","date_gmt":"2021-09-08T11:00:41","guid":{"rendered":"http:\/\/www.yungayino.cl\/noticias\/?p=25050"},"modified":"2021-09-06T18:47:37","modified_gmt":"2021-09-06T21:47:37","slug":"comienza-feria-laboral-regional-del-sence-que-ofrece-4-500-vacantes-de-empleo","status":"publish","type":"post","link":"https:\/\/www.yungayino.cl\/noticias\/?p=25050","title":{"rendered":"Comienza Feria Laboral Regional del Sence que Ofrece 4.500 Vacantes de Empleo"},"content":{"rendered":"<p><img loading=\"lazy\" decoding=\"async\" class=\"alignnone size-full wp-image-25051\" src=\"http:\/\/www.yungayino.cl\/noticias\/wp-content\/uploads\/2021\/09\/feria-laboral.jpg\" alt=\"\" width=\"700\" height=\"371\" srcset=\"https:\/\/www.yungayino.cl\/noticias\/wp-content\/uploads\/2021\/09\/feria-laboral.jpg 700w, https:\/\/www.yungayino.cl\/noticias\/wp-content\/uploads\/2021\/09\/feria-laboral-300x159.jpg 300w, https:\/\/www.yungayino.cl\/noticias\/wp-content\/uploads\/2021\/09\/feria-laboral-283x150.jpg 283w\" sizes=\"auto, (max-width: 700px) 100vw, 700px\" \/><\/p>\n<p style=\"text-align: justify;\">\u00d1uble, septiembre 2021: Del 6 al 10 de septiembre se lleva a cabo la Feria Laboral Regional \u00d1uble organizada por el Servicio Nacional de Capacitaci\u00f3n y Empleo (Sence), la cual ofrece m\u00e1s de 4.500 vacantes de empleo provenientes de cerca de una treintena de empresas de la zona.<\/p>\n<p style=\"text-align: justify;\">La instancia se desarrolla de forma virtual en el sitio web de la entidad (<strong><a href=\"http:\/\/www.sence.cl\">www.sence.cl<\/a><\/strong>), y para postular es necesario estar registrado en la Bolsa Nacional de Empleo (BNE) y tener el curr\u00edculum vitae actualizado. Trabajos para desempe\u00f1arse en rubros como el agr\u00edcola, forestal, de ventas y gastron\u00f3mico, entre otros, est\u00e1n disponibles.<\/p>\n<p style=\"text-align: justify;\">El delegado presidencial Crist\u00f3bal Jardua, valor\u00f3 la posibilidad de que los trabajadores puedan \u201ctener en un solo lugar todas las ofertas laborales que est\u00e1n disponibles en la Regi\u00f3n de \u00d1uble. Esperamos que se produzcan muchas visitas y conozcan lo que se ofrece gracias a labor del Sence y la cartera del Trabajo, cumpliendo con el compromiso del Gobierno del Presidente Sebasti\u00e1n Pi\u00f1era\u201d.<\/p>\n<p style=\"text-align: justify;\">En tanto, el seremi (s) del Trabajo y Previsi\u00f3n Social, Edmundo Novoa, indic\u00f3 que la feria laboral \u201cviene a reforzar una serie de iniciativas que hemos desarrollado en el \u00faltimo a\u00f1o y que tienen como principal objetivo recuperar y posibilitar la creaci\u00f3n de empleos formales, con seguridad social. En esa l\u00ednea esta feria organizada por el Sence tambi\u00e9n considera ofertas laborales que son totalmente compatibles con los subsidios al empleo y con el nuevo IFE Laboral que considera una transferencia directa de hasta $250 mil a quienes ingresen a un puesto de trabajo formal y que, a su vez, no ex excluyente a otro tipo de ayudas sociales como el Ingreso Familiar de Emergencia Universal\u201d.<\/p>\n<p style=\"text-align: justify;\">Por su parte, Rodolfo Zaror, director regional del Sence, coment\u00f3 que \u201cpara hacer frente al escenario en materia de empleo que ha dejado la pandemia, nuestro servicio ha promovido una intensa agenda de ferias laborales en l\u00ednea en apoyo a la recuperaci\u00f3n econ\u00f3mica mediante ofertas concretas para las personas y, de esa manera, fortalecer el mercado laboral. Recientemente tuvimos una feria nacional con la \u2018Semana del Empleo\u2019 que en todo el pa\u00eds sum\u00f3 cerca de 80 mil vacantes, y en la que nos convoca esta semana esperamos contar con muchas postulaciones. Queremos reiterar que estaremos cerca de los trabajadores de nuestra regi\u00f3n, acercando capacitaciones y ofertas laborales, y acompa\u00f1ando sus trayectorias\u201d.<\/p>\n<p style=\"text-align: justify;\">Asimismo, Zaror destac\u00f3 que la realizaci\u00f3n de la instancia \u201cha contado con el tremendo apoyo de las 21 oficinas municipales de intermediaci\u00f3n laboral, las que conocen muy al detalle cu\u00e1les son las necesidades de empleo en sus comunas atendiendo la realidad productiva y el mercado laboral local\u201d.<\/p>\n<p style=\"text-align: justify;\">Dentro de la b\u00fasqueda de vacantes hay: cosecheros, operarios de producci\u00f3n, operarios de packing, control de calidad, digitadores, supervisores, soldadores, brigadistas, operarios de aserradero, cocineros, garzones, t\u00e9cnicos inform\u00e1ticos, vendedores, ejecutivos de seguros, entre otros.<\/p>\n","protected":false},"excerpt":{"rendered":"<p>\u00d1uble, septiembre 2021: Del 6 al 10 de septiembre se lleva a cabo la Feria Laboral Regional \u00d1uble organizada por el Servicio Nacional de Capacitaci\u00f3n y Empleo (Sence), la cual ofrece m\u00e1s de 4.500&#46;&#46;&#46;<\/p>\n","protected":false},"author":2,"featured_media":25051,"comment_status":"closed","ping_status":"open","sticky":false,"template":"","format":"standard","meta":{"footnotes":""},"categories":[1],"tags":[2524,1179,1115,1678,1602,8,6,117],"class_list":["post-25050","post","type-post","status-publish","format-standard","has-post-thumbnail","hentry","category-noticias","tag-empleo","tag-feria-laboral","tag-noticias","tag-nuble","tag-sence","tag-yungay","tag-yungayino","tag-yungayinocl"],"_links":{"self":[{"href":"https:\/\/www.yungayino.cl\/noticias\/index.php?rest_route=\/wp\/v2\/posts\/25050","targetHints":{"allow":["GET"]}}],"collection":[{"href":"https:\/\/www.yungayino.cl\/noticias\/index.php?rest_route=\/wp\/v2\/posts"}],"about":[{"href":"https:\/\/www.yungayino.cl\/noticias\/index.php?rest_route=\/wp\/v2\/types\/post"}],"author":[{"embeddable":true,"href":"https:\/\/www.yungayino.cl\/noticias\/index.php?rest_route=\/wp\/v2\/users\/2"}],"replies":[{"embeddable":true,"href":"https:\/\/www.yungayino.cl\/noticias\/index.php?rest_route=%2Fwp%2Fv2%2Fcomments&post=25050"}],"version-history":[{"count":1,"href":"https:\/\/www.yungayino.cl\/noticias\/index.php?rest_route=\/wp\/v2\/posts\/25050\/revisions"}],"predecessor-version":[{"id":25052,"href":"https:\/\/www.yungayino.cl\/noticias\/index.php?rest_route=\/wp\/v2\/posts\/25050\/revisions\/25052"}],"wp:featuredmedia":[{"embeddable":true,"href":"https:\/\/www.yungayino.cl\/noticias\/index.php?rest_route=\/wp\/v2\/media\/25051"}],"wp:attachment":[{"href":"https:\/\/www.yungayino.cl\/noticias\/index.php?rest_route=%2Fwp%2Fv2%2Fmedia&parent=25050"}],"wp:term":[{"taxonomy":"category","embeddable":true,"href":"https:\/\/www.yungayino.cl\/noticias\/index.php?rest_route=%2Fwp%2Fv2%2Fcategories&post=25050"},{"taxonomy":"post_tag","embeddable":true,"href":"https:\/\/www.yungayino.cl\/noticias\/index.php?rest_route=%2Fwp%2Fv2%2Ftags&post=25050"}],"curies":[{"name":"wp","href":"https:\/\/api.w.org\/{rel}","templated":true}]}}