{"id":25056,"date":"2021-09-11T07:00:26","date_gmt":"2021-09-11T10:00:26","guid":{"rendered":"http:\/\/www.yungayino.cl\/noticias\/?p=25056"},"modified":"2021-09-06T18:52:11","modified_gmt":"2021-09-06T21:52:11","slug":"inicia-proceso-de-licitacion-para-la-construccion-de-pozo-en-el-cardal-a-proposito-de-la-emergencia-hidrica-que-sufre-el-sector","status":"publish","type":"post","link":"https:\/\/www.yungayino.cl\/noticias\/?p=25056","title":{"rendered":"Inicia Proceso de Licitaci\u00f3n Para la Construcci\u00f3n de Pozo en El Cardal a Prop\u00f3sito de la Emergencia H\u00eddrica que Sufre el Sector"},"content":{"rendered":"<p><img loading=\"lazy\" decoding=\"async\" class=\"alignnone size-full wp-image-25057\" src=\"http:\/\/www.yungayino.cl\/noticias\/wp-content\/uploads\/2021\/09\/cardal.jpg\" alt=\"\" width=\"700\" height=\"350\" srcset=\"https:\/\/www.yungayino.cl\/noticias\/wp-content\/uploads\/2021\/09\/cardal.jpg 700w, https:\/\/www.yungayino.cl\/noticias\/wp-content\/uploads\/2021\/09\/cardal-300x150.jpg 300w\" sizes=\"auto, (max-width: 700px) 100vw, 700px\" \/><\/p>\n<p style=\"text-align: justify;\">Yungay, septiembre 2021: El 31 de agosto comenz\u00f3 el llamado de licitaci\u00f3n p\u00fablica para la construcci\u00f3n en el sector de El Cardal, sector que sufri\u00f3 una emergencia de car\u00e1cter h\u00eddrico a principios de este a\u00f1o que afect\u00f3 a m\u00e1s de 900 vecinos y vecinas.<\/p>\n<p style=\"text-align: justify;\">\u00abLas obras podr\u00e1n comenzar en octubre en caso de existir oferentes\u00bb indic\u00f3 la primera autoridad comunal, \u00abes una necesidad muy importante de la comunidad de El Cardal, quienes desde enero a junio recibieron agua potable a partir de camiones aljibe\u00bb.<\/p>\n<p style=\"text-align: justify;\">El pozo tiene el objetivo de reforzar el actual sistema de abastecimiento.<\/p>\n","protected":false},"excerpt":{"rendered":"<p>Yungay, septiembre 2021: El 31 de agosto comenz\u00f3 el llamado de licitaci\u00f3n p\u00fablica para la construcci\u00f3n en el sector de El Cardal, sector que sufri\u00f3 una emergencia de car\u00e1cter h\u00eddrico a principios de este&#46;&#46;&#46;<\/p>\n","protected":false},"author":2,"featured_media":25057,"comment_status":"closed","ping_status":"open","sticky":false,"template":"","format":"standard","meta":{"footnotes":""},"categories":[1],"tags":[2526,1115,8,6,117],"class_list":["post-25056","post","type-post","status-publish","format-standard","has-post-thumbnail","hentry","category-noticias","tag-cardal","tag-noticias","tag-yungay","tag-yungayino","tag-yungayinocl"],"_links":{"self":[{"href":"https:\/\/www.yungayino.cl\/noticias\/index.php?rest_route=\/wp\/v2\/posts\/25056","targetHints":{"allow":["GET"]}}],"collection":[{"href":"https:\/\/www.yungayino.cl\/noticias\/index.php?rest_route=\/wp\/v2\/posts"}],"about":[{"href":"https:\/\/www.yungayino.cl\/noticias\/index.php?rest_route=\/wp\/v2\/types\/post"}],"author":[{"embeddable":true,"href":"https:\/\/www.yungayino.cl\/noticias\/index.php?rest_route=\/wp\/v2\/users\/2"}],"replies":[{"embeddable":true,"href":"https:\/\/www.yungayino.cl\/noticias\/index.php?rest_route=%2Fwp%2Fv2%2Fcomments&post=25056"}],"version-history":[{"count":1,"href":"https:\/\/www.yungayino.cl\/noticias\/index.php?rest_route=\/wp\/v2\/posts\/25056\/revisions"}],"predecessor-version":[{"id":25058,"href":"https:\/\/www.yungayino.cl\/noticias\/index.php?rest_route=\/wp\/v2\/posts\/25056\/revisions\/25058"}],"wp:featuredmedia":[{"embeddable":true,"href":"https:\/\/www.yungayino.cl\/noticias\/index.php?rest_route=\/wp\/v2\/media\/25057"}],"wp:attachment":[{"href":"https:\/\/www.yungayino.cl\/noticias\/index.php?rest_route=%2Fwp%2Fv2%2Fmedia&parent=25056"}],"wp:term":[{"taxonomy":"category","embeddable":true,"href":"https:\/\/www.yungayino.cl\/noticias\/index.php?rest_route=%2Fwp%2Fv2%2Fcategories&post=25056"},{"taxonomy":"post_tag","embeddable":true,"href":"https:\/\/www.yungayino.cl\/noticias\/index.php?rest_route=%2Fwp%2Fv2%2Ftags&post=25056"}],"curies":[{"name":"wp","href":"https:\/\/api.w.org\/{rel}","templated":true}]}}