{"id":25069,"date":"2021-09-10T07:00:24","date_gmt":"2021-09-10T10:00:24","guid":{"rendered":"http:\/\/www.yungayino.cl\/noticias\/?p=25069"},"modified":"2021-09-06T19:02:44","modified_gmt":"2021-09-06T22:02:44","slug":"sernatur-nuble-realiza-reunion-de-la-red-de-turismo-municipal-en-yungay","status":"publish","type":"post","link":"https:\/\/www.yungayino.cl\/noticias\/?p=25069","title":{"rendered":"SERNATUR \u00d1uble Realiza Reuni\u00f3n de la Red de Turismo Municipal en Yungay"},"content":{"rendered":"<p><img loading=\"lazy\" decoding=\"async\" class=\"alignnone size-full wp-image-25070\" src=\"http:\/\/www.yungayino.cl\/noticias\/wp-content\/uploads\/2021\/09\/salto.jpg\" alt=\"\" width=\"700\" height=\"350\" srcset=\"https:\/\/www.yungayino.cl\/noticias\/wp-content\/uploads\/2021\/09\/salto.jpg 700w, https:\/\/www.yungayino.cl\/noticias\/wp-content\/uploads\/2021\/09\/salto-300x150.jpg 300w\" sizes=\"auto, (max-width: 700px) 100vw, 700px\" \/><\/p>\n<p style=\"text-align: justify;\">Yungay, septiembre 2021: Con el objetivo de renovar visiones estrat\u00e9gicas sobre el turismo local y las directrices que deber\u00e1n considerar necesariamente los planes de reactivaci\u00f3n segura para una mejor gesti\u00f3n de los destinos tur\u00edsticos de \u00d1uble, SERNATUR, nuestra oficina de Turismo y la Red de Turismo de la comuna se reunieron este mi\u00e9rcoles en Yungay.<\/p>\n<p style=\"text-align: justify;\">Durante la reuni\u00f3n se analiz\u00f3 la situaci\u00f3n del turismo intrarregional y los elementos claves para una fase segura de reactivaci\u00f3n del turismo, junto a una reflexi\u00f3n sobre los desaf\u00edos futuros y la programaci\u00f3n de lo que queda del a\u00f1o 2021.<\/p>\n<p style=\"text-align: justify;\">\u00abAgradecemos a Sernatur y los encargados de turismo municipal, quienes han jugado un rol fundamental en la implementaci\u00f3n de protocolos y buenas pr\u00e1cticas para la reactivaci\u00f3n de la actividad tur\u00edstica local. Lo anterior sin duda refleja el gran compromiso que han asumido los municipios con el turismo y la comunidad\u00bb fueron las palabras del administrador municipal, Guillermo Saavedra, en representaci\u00f3n del alcalde.<\/p>\n","protected":false},"excerpt":{"rendered":"<p>Yungay, septiembre 2021: Con el objetivo de renovar visiones estrat\u00e9gicas sobre el turismo local y las directrices que deber\u00e1n considerar necesariamente los planes de reactivaci\u00f3n segura para una mejor gesti\u00f3n de los destinos tur\u00edsticos&#46;&#46;&#46;<\/p>\n","protected":false},"author":2,"featured_media":25070,"comment_status":"closed","ping_status":"open","sticky":false,"template":"","format":"standard","meta":{"footnotes":""},"categories":[1,15],"tags":[1115,2529,1128,8,6,117],"class_list":["post-25069","post","type-post","status-publish","format-standard","has-post-thumbnail","hentry","category-noticias","category-turismo","tag-noticias","tag-red-turismo-municipal","tag-sernatur","tag-yungay","tag-yungayino","tag-yungayinocl"],"_links":{"self":[{"href":"https:\/\/www.yungayino.cl\/noticias\/index.php?rest_route=\/wp\/v2\/posts\/25069","targetHints":{"allow":["GET"]}}],"collection":[{"href":"https:\/\/www.yungayino.cl\/noticias\/index.php?rest_route=\/wp\/v2\/posts"}],"about":[{"href":"https:\/\/www.yungayino.cl\/noticias\/index.php?rest_route=\/wp\/v2\/types\/post"}],"author":[{"embeddable":true,"href":"https:\/\/www.yungayino.cl\/noticias\/index.php?rest_route=\/wp\/v2\/users\/2"}],"replies":[{"embeddable":true,"href":"https:\/\/www.yungayino.cl\/noticias\/index.php?rest_route=%2Fwp%2Fv2%2Fcomments&post=25069"}],"version-history":[{"count":1,"href":"https:\/\/www.yungayino.cl\/noticias\/index.php?rest_route=\/wp\/v2\/posts\/25069\/revisions"}],"predecessor-version":[{"id":25071,"href":"https:\/\/www.yungayino.cl\/noticias\/index.php?rest_route=\/wp\/v2\/posts\/25069\/revisions\/25071"}],"wp:featuredmedia":[{"embeddable":true,"href":"https:\/\/www.yungayino.cl\/noticias\/index.php?rest_route=\/wp\/v2\/media\/25070"}],"wp:attachment":[{"href":"https:\/\/www.yungayino.cl\/noticias\/index.php?rest_route=%2Fwp%2Fv2%2Fmedia&parent=25069"}],"wp:term":[{"taxonomy":"category","embeddable":true,"href":"https:\/\/www.yungayino.cl\/noticias\/index.php?rest_route=%2Fwp%2Fv2%2Fcategories&post=25069"},{"taxonomy":"post_tag","embeddable":true,"href":"https:\/\/www.yungayino.cl\/noticias\/index.php?rest_route=%2Fwp%2Fv2%2Ftags&post=25069"}],"curies":[{"name":"wp","href":"https:\/\/api.w.org\/{rel}","templated":true}]}}