{"id":25085,"date":"2021-09-15T08:00:46","date_gmt":"2021-09-15T11:00:46","guid":{"rendered":"http:\/\/www.yungayino.cl\/noticias\/?p=25085"},"modified":"2021-09-09T15:56:18","modified_gmt":"2021-09-09T18:56:18","slug":"prodemu-invita-a-las-mujeres-de-nuble-a-postular-a-su-oferta-programatica","status":"publish","type":"post","link":"https:\/\/www.yungayino.cl\/noticias\/?p=25085","title":{"rendered":"PRODEMU Invita a las Mujeres de \u00d1uble a Postular a su Oferta Program\u00e1tica"},"content":{"rendered":"<p><img loading=\"lazy\" decoding=\"async\" class=\"alignnone size-full wp-image-25086\" src=\"http:\/\/www.yungayino.cl\/noticias\/wp-content\/uploads\/2021\/09\/prodemu-1.jpg\" alt=\"\" width=\"700\" height=\"350\" srcset=\"https:\/\/www.yungayino.cl\/noticias\/wp-content\/uploads\/2021\/09\/prodemu-1.jpg 700w, https:\/\/www.yungayino.cl\/noticias\/wp-content\/uploads\/2021\/09\/prodemu-1-300x150.jpg 300w\" sizes=\"auto, (max-width: 700px) 100vw, 700px\" \/><\/p>\n<p style=\"text-align: justify;\">\u00d1uble, septiembre 2021: PRODEMU, entidad perteneciente a la Red de Fundaciones de la Presidencia de la Rep\u00fablica y liderada por la primera dama Cecilia Morel, invita a las \u00f1ublensinas, a las organizaciones sociales lideradas por mujeres, a emprendedoras y a mujeres campesinas a formar parte de la oferta program\u00e1tica que realizar\u00e1 la Fundaci\u00f3n este \u00faltimo cuatrimestre del a\u00f1o.<\/p>\n<p style=\"text-align: justify;\">\u201cDurante estos \u00faltimos meses de 2021 tenemos una gran variedad de talleres y programas de inter\u00e9s para las mujeres, los que contribuir\u00e1n a la autoestima y empoderamiento de las participantes, a crear redes de apoyo entre ellas y a que logren un desarrollo integral a trav\u00e9s de nuestras 9 rutas de aprendizaje\u201d, se\u00f1al\u00f3 la directora regional de PRODEMU, Mar\u00eda Cecilia Varas Benavente.<\/p>\n<p style=\"text-align: justify;\">Entre las capacitaciones a las que pueden acceder est\u00e1n el taller de liderazgo, el cual busca contribuir al proceso de empoderamiento de las mujeres mediante la adquisici\u00f3n de conocimientos sobre formaci\u00f3n ciudadana junto a herramientas para el ejercicio de un liderazgo positivo, democr\u00e1tico y con enfoque de g\u00e9nero.<\/p>\n<p style=\"text-align: justify;\">Tambi\u00e9n est\u00e1 el taller de organizaciones cuya finalidad es contribuir al proceso de empoderamiento de las mujeres y sus organizaciones, para que \u00e9stas sean efectivas y democr\u00e1ticas, mediante la adquisici\u00f3n de herramientas digitales para el fortalecimiento de sus procesos organizacionales con enfoque de g\u00e9nero.<\/p>\n<p style=\"text-align: justify;\">Adem\u00e1s, podr\u00e1n postular a la Ruta de las Familias, de la Cultura y a las jornadas informativas, entre otras. \u201cApoyamos, escuchamos y acompa\u00f1amos a 2500 mujeres anualmente en su camino para lograr una mejor calidad de vida y una autonom\u00eda integral, por eso el llamado es a formar parte de PRODEMU porque es el primer paso para ser protagonistas de sus propias vidas\u201d, expres\u00f3 Mar\u00eda Cecilia Varas.<\/p>\n<p style=\"text-align: justify;\">Para postular a la oferta program\u00e1tica puedes ingresar a <a href=\"http:\/\/autoregistro.prodemu.cl\/\"><strong>http:\/\/autoregistro.prodemu.cl\/<\/strong><\/a>, llamar al fono <strong>(42) 283 4970<\/strong> o dirigirte de lunes a viernes, de 10:00 a 14:00 horas, a la oficina regional ubicada en calle 18 de septiembre N\u00b0207, Chill\u00e1n; o visitar la oficina provincial en San Carlos, en calle El Roble N\u00b0505 o tambi\u00e9n la sede en Quirihue, calle Independencia N\u00b0705; esta \u00faltima desde las 08:00 a las 17:00 horas.<\/p>\n","protected":false},"excerpt":{"rendered":"<p>\u00d1uble, septiembre 2021: PRODEMU, entidad perteneciente a la Red de Fundaciones de la Presidencia de la Rep\u00fablica y liderada por la primera dama Cecilia Morel, invita a las \u00f1ublensinas, a las organizaciones sociales lideradas&#46;&#46;&#46;<\/p>\n","protected":false},"author":2,"featured_media":25086,"comment_status":"closed","ping_status":"open","sticky":false,"template":"","format":"standard","meta":{"footnotes":""},"categories":[1],"tags":[1115,1678,500,8,6,117],"class_list":["post-25085","post","type-post","status-publish","format-standard","has-post-thumbnail","hentry","category-noticias","tag-noticias","tag-nuble","tag-prodemu","tag-yungay","tag-yungayino","tag-yungayinocl"],"_links":{"self":[{"href":"https:\/\/www.yungayino.cl\/noticias\/index.php?rest_route=\/wp\/v2\/posts\/25085","targetHints":{"allow":["GET"]}}],"collection":[{"href":"https:\/\/www.yungayino.cl\/noticias\/index.php?rest_route=\/wp\/v2\/posts"}],"about":[{"href":"https:\/\/www.yungayino.cl\/noticias\/index.php?rest_route=\/wp\/v2\/types\/post"}],"author":[{"embeddable":true,"href":"https:\/\/www.yungayino.cl\/noticias\/index.php?rest_route=\/wp\/v2\/users\/2"}],"replies":[{"embeddable":true,"href":"https:\/\/www.yungayino.cl\/noticias\/index.php?rest_route=%2Fwp%2Fv2%2Fcomments&post=25085"}],"version-history":[{"count":1,"href":"https:\/\/www.yungayino.cl\/noticias\/index.php?rest_route=\/wp\/v2\/posts\/25085\/revisions"}],"predecessor-version":[{"id":25087,"href":"https:\/\/www.yungayino.cl\/noticias\/index.php?rest_route=\/wp\/v2\/posts\/25085\/revisions\/25087"}],"wp:featuredmedia":[{"embeddable":true,"href":"https:\/\/www.yungayino.cl\/noticias\/index.php?rest_route=\/wp\/v2\/media\/25086"}],"wp:attachment":[{"href":"https:\/\/www.yungayino.cl\/noticias\/index.php?rest_route=%2Fwp%2Fv2%2Fmedia&parent=25085"}],"wp:term":[{"taxonomy":"category","embeddable":true,"href":"https:\/\/www.yungayino.cl\/noticias\/index.php?rest_route=%2Fwp%2Fv2%2Fcategories&post=25085"},{"taxonomy":"post_tag","embeddable":true,"href":"https:\/\/www.yungayino.cl\/noticias\/index.php?rest_route=%2Fwp%2Fv2%2Ftags&post=25085"}],"curies":[{"name":"wp","href":"https:\/\/api.w.org\/{rel}","templated":true}]}}