{"id":25092,"date":"2021-09-16T07:00:25","date_gmt":"2021-09-16T10:00:25","guid":{"rendered":"http:\/\/www.yungayino.cl\/noticias\/?p=25092"},"modified":"2021-09-15T21:59:49","modified_gmt":"2021-09-16T00:59:49","slug":"municipalidad-y-senadis-firman-compromiso-de-asesoramiento-tecnico-para-la-inclusion-laboral","status":"publish","type":"post","link":"https:\/\/www.yungayino.cl\/noticias\/?p=25092","title":{"rendered":"Municipalidad y Senadis Firman Compromiso de Asesoramiento T\u00e9cnico Para la Inclusi\u00f3n Laboral"},"content":{"rendered":"<p><img loading=\"lazy\" decoding=\"async\" class=\"alignnone size-full wp-image-25093\" src=\"http:\/\/www.yungayino.cl\/noticias\/wp-content\/uploads\/2021\/09\/1.jpg\" alt=\"\" width=\"700\" height=\"350\" srcset=\"https:\/\/www.yungayino.cl\/noticias\/wp-content\/uploads\/2021\/09\/1.jpg 700w, https:\/\/www.yungayino.cl\/noticias\/wp-content\/uploads\/2021\/09\/1-300x150.jpg 300w\" sizes=\"auto, (max-width: 700px) 100vw, 700px\" \/><\/p>\n<p style=\"text-align: justify;\">Yungay, septiembre 2021: El director regional de SENADIS, Sergio Ar\u00e9valo, se reuni\u00f3 con el alcalde, Rafael Cifuentes Rodr\u00edguez, para firmar un acuerdo para el asesoramiento t\u00e9cnico en materia de procesos de reclutamiento, selecci\u00f3n y adecuaci\u00f3n de puestos de trabajo para personas con discapacidad, con el fin de incentivar la inclusi\u00f3n en el municipio conforme al marco normativo vigente.<\/p>\n<p style=\"text-align: justify;\">Gracias a la firma de este compromiso de asesoramiento, SENADIS capacitar\u00e1 a los funcionarios de reclutamiento laboral, en los procesos de selecci\u00f3n de personal, selecci\u00f3n y adecuaci\u00f3n de puestos de trabajo para personas con discapacidad.<\/p>\n","protected":false},"excerpt":{"rendered":"<p>Yungay, septiembre 2021: El director regional de SENADIS, Sergio Ar\u00e9valo, se reuni\u00f3 con el alcalde, Rafael Cifuentes Rodr\u00edguez, para firmar un acuerdo para el asesoramiento t\u00e9cnico en materia de procesos de reclutamiento, selecci\u00f3n y&#46;&#46;&#46;<\/p>\n","protected":false},"author":2,"featured_media":25093,"comment_status":"closed","ping_status":"open","sticky":false,"template":"","format":"standard","meta":{"footnotes":""},"categories":[1],"tags":[1115,2531,8,6,117],"class_list":["post-25092","post","type-post","status-publish","format-standard","has-post-thumbnail","hentry","category-noticias","tag-noticias","tag-senadis","tag-yungay","tag-yungayino","tag-yungayinocl"],"_links":{"self":[{"href":"https:\/\/www.yungayino.cl\/noticias\/index.php?rest_route=\/wp\/v2\/posts\/25092","targetHints":{"allow":["GET"]}}],"collection":[{"href":"https:\/\/www.yungayino.cl\/noticias\/index.php?rest_route=\/wp\/v2\/posts"}],"about":[{"href":"https:\/\/www.yungayino.cl\/noticias\/index.php?rest_route=\/wp\/v2\/types\/post"}],"author":[{"embeddable":true,"href":"https:\/\/www.yungayino.cl\/noticias\/index.php?rest_route=\/wp\/v2\/users\/2"}],"replies":[{"embeddable":true,"href":"https:\/\/www.yungayino.cl\/noticias\/index.php?rest_route=%2Fwp%2Fv2%2Fcomments&post=25092"}],"version-history":[{"count":1,"href":"https:\/\/www.yungayino.cl\/noticias\/index.php?rest_route=\/wp\/v2\/posts\/25092\/revisions"}],"predecessor-version":[{"id":25094,"href":"https:\/\/www.yungayino.cl\/noticias\/index.php?rest_route=\/wp\/v2\/posts\/25092\/revisions\/25094"}],"wp:featuredmedia":[{"embeddable":true,"href":"https:\/\/www.yungayino.cl\/noticias\/index.php?rest_route=\/wp\/v2\/media\/25093"}],"wp:attachment":[{"href":"https:\/\/www.yungayino.cl\/noticias\/index.php?rest_route=%2Fwp%2Fv2%2Fmedia&parent=25092"}],"wp:term":[{"taxonomy":"category","embeddable":true,"href":"https:\/\/www.yungayino.cl\/noticias\/index.php?rest_route=%2Fwp%2Fv2%2Fcategories&post=25092"},{"taxonomy":"post_tag","embeddable":true,"href":"https:\/\/www.yungayino.cl\/noticias\/index.php?rest_route=%2Fwp%2Fv2%2Ftags&post=25092"}],"curies":[{"name":"wp","href":"https:\/\/api.w.org\/{rel}","templated":true}]}}