{"id":25102,"date":"2021-09-19T07:00:28","date_gmt":"2021-09-19T10:00:28","guid":{"rendered":"http:\/\/www.yungayino.cl\/noticias\/?p=25102"},"modified":"2021-09-15T22:05:01","modified_gmt":"2021-09-16T01:05:01","slug":"seremi-de-transportes-se-reune-con-empresa-wom-para-avanzar-en-el-proyecto-fibra-optica-nacional","status":"publish","type":"post","link":"https:\/\/www.yungayino.cl\/noticias\/?p=25102","title":{"rendered":"Seremi de Transportes se Re\u00fane con Empresa WOM Para Avanzar en el Proyecto Fibra \u00d3ptica Nacional"},"content":{"rendered":"<p><img loading=\"lazy\" decoding=\"async\" class=\"alignnone size-full wp-image-25103\" src=\"http:\/\/www.yungayino.cl\/noticias\/wp-content\/uploads\/2021\/09\/internet.jpg\" alt=\"\" width=\"700\" height=\"350\" srcset=\"https:\/\/www.yungayino.cl\/noticias\/wp-content\/uploads\/2021\/09\/internet.jpg 700w, https:\/\/www.yungayino.cl\/noticias\/wp-content\/uploads\/2021\/09\/internet-300x150.jpg 300w\" sizes=\"auto, (max-width: 700px) 100vw, 700px\" \/><\/p>\n<p style=\"text-align: justify;\">Septiembre 2021: La seremi de Transportes y Telecomunicaciones B\u00e1rbara Kopplin, junto a la encargada de Fiscalizaci\u00f3n de la Macrozona Centro Sur de Subtel, Paulina Cid y el equipo de Subtel de la regi\u00f3n, se reunieron con representantes de la empresa WOM S.A.; Daniel Gomez, Gerente Comunicaciones Corporativo y Miguel Droguett, jefe de Asuntos P\u00fablicos, con el fin de conocer los avances del proyecto de fibra \u00d3ptica Nacional, el cual ser\u00e1 implementado prontamente en \u00d1uble y que actualmente se encuentra en las \u00faltimas etapas de revisi\u00f3n de ingenier\u00eda de detalle por parte de Subtel.<\/p>\n<p style=\"text-align: justify;\">En abril de 2020, la Subsecretar\u00eda de Telecomunicaciones (SUBTEL), a trav\u00e9s del Consejo de Desarrollo de las Telecomunicaciones (CDT), adjudic\u00f3 a la empresa Wom cinco de las seis macrozonas del proyecto Fibra \u00d3ptica Nacional. Esta iniciativa, que considera un subsidio estatal hist\u00f3rico de m\u00e1s de $86 mil millones a nivel nacional y entrar\u00e1 en operaci\u00f3n durante el 2022. En la Regi\u00f3n de \u00d1uble se desplegar\u00e1n m\u00e1s de 500 kil\u00f3metros de fibra \u00f3ptica llegando a la mayor parte de las comunas.<\/p>\n<p style=\"text-align: justify;\">Por otra parte, en la reuni\u00f3n se revisaron los alcances del Proyecto de Fibra \u00d3ptica Regional y \u00daltima Milla, este proyecto complementar\u00e1 a la fibra desplegada por el proyecto de Fibra \u00d3ptica Nacional financiado por Subtel, con la posibilidad de conectar a todas las ciudades, pueblos y aldeas de nuestra regi\u00f3n. Esta iniciativa tambi\u00e9n considera a centros asistenciales de salud, educacionales, servicios de emergencias como Bomberos, Carabineros y PDI, permitiendo as\u00ed llegar a casi todos los puntos de nuestra regi\u00f3n, lo que significa la posibilidad de conexiones fijas de internet en todos los rincones de \u00d1uble.<\/p>\n<p style=\"text-align: justify;\">La seremi Barbara Kopplin, valor\u00f3 el encuentro y confirm\u00f3 que \u201ccontinuar\u00e1n trabajando junto a la empresa WOM para avanzar r\u00e1pidamente en la implementaci\u00f3n del proyecto de Fibra \u00d3ptica Nacional, y que gracias al Concurso P\u00fablico 5G de la banda de 700MHZ para la implementaci\u00f3n de esta tecnolog\u00eda, se entregar\u00e1n adem\u00e1s 36 contraprestaciones sociales de conectividad digital en sectores que actualmente no tienen cobertura y servicio de 5G que beneficiar\u00e1 a 7 hospitales de nuestra regi\u00f3n, los cuales son Hospital Herminda Martin de Chill\u00e1n, Hospital Comunitario de Bulnes, Hospital de El Carmen, <strong>Hospital Pedro Morales Campos de Yungay<\/strong>, Hospital Cl\u00ednico de San Carlos, Hospital de Quirihue y Hospital Dr. Eduardo Contreras Trabucco de Trehuaco\u201d.<\/p>\n","protected":false},"excerpt":{"rendered":"<p>Septiembre 2021: La seremi de Transportes y Telecomunicaciones B\u00e1rbara Kopplin, junto a la encargada de Fiscalizaci\u00f3n de la Macrozona Centro Sur de Subtel, Paulina Cid y el equipo de Subtel de la regi\u00f3n, se&#46;&#46;&#46;<\/p>\n","protected":false},"author":2,"featured_media":25103,"comment_status":"closed","ping_status":"open","sticky":false,"template":"","format":"standard","meta":{"footnotes":""},"categories":[1],"tags":[1588,2351,1115,8,6,117],"class_list":["post-25102","post","type-post","status-publish","format-standard","has-post-thumbnail","hentry","category-noticias","tag-fibra-optica","tag-internet","tag-noticias","tag-yungay","tag-yungayino","tag-yungayinocl"],"_links":{"self":[{"href":"https:\/\/www.yungayino.cl\/noticias\/index.php?rest_route=\/wp\/v2\/posts\/25102","targetHints":{"allow":["GET"]}}],"collection":[{"href":"https:\/\/www.yungayino.cl\/noticias\/index.php?rest_route=\/wp\/v2\/posts"}],"about":[{"href":"https:\/\/www.yungayino.cl\/noticias\/index.php?rest_route=\/wp\/v2\/types\/post"}],"author":[{"embeddable":true,"href":"https:\/\/www.yungayino.cl\/noticias\/index.php?rest_route=\/wp\/v2\/users\/2"}],"replies":[{"embeddable":true,"href":"https:\/\/www.yungayino.cl\/noticias\/index.php?rest_route=%2Fwp%2Fv2%2Fcomments&post=25102"}],"version-history":[{"count":1,"href":"https:\/\/www.yungayino.cl\/noticias\/index.php?rest_route=\/wp\/v2\/posts\/25102\/revisions"}],"predecessor-version":[{"id":25104,"href":"https:\/\/www.yungayino.cl\/noticias\/index.php?rest_route=\/wp\/v2\/posts\/25102\/revisions\/25104"}],"wp:featuredmedia":[{"embeddable":true,"href":"https:\/\/www.yungayino.cl\/noticias\/index.php?rest_route=\/wp\/v2\/media\/25103"}],"wp:attachment":[{"href":"https:\/\/www.yungayino.cl\/noticias\/index.php?rest_route=%2Fwp%2Fv2%2Fmedia&parent=25102"}],"wp:term":[{"taxonomy":"category","embeddable":true,"href":"https:\/\/www.yungayino.cl\/noticias\/index.php?rest_route=%2Fwp%2Fv2%2Fcategories&post=25102"},{"taxonomy":"post_tag","embeddable":true,"href":"https:\/\/www.yungayino.cl\/noticias\/index.php?rest_route=%2Fwp%2Fv2%2Ftags&post=25102"}],"curies":[{"name":"wp","href":"https:\/\/api.w.org\/{rel}","templated":true}]}}