{"id":25108,"date":"2021-09-21T10:00:05","date_gmt":"2021-09-21T13:00:05","guid":{"rendered":"http:\/\/www.yungayino.cl\/noticias\/?p=25108"},"modified":"2021-09-22T13:20:56","modified_gmt":"2021-09-22T16:20:56","slug":"escuelas-y-liceos-municipales-de-yungay-inicio-sus-clases-presenciales","status":"publish","type":"post","link":"https:\/\/www.yungayino.cl\/noticias\/?p=25108","title":{"rendered":"Escuelas y Liceos Municipales de Yungay Inici\u00f3 Sus Clases Presenciales"},"content":{"rendered":"<p><img loading=\"lazy\" decoding=\"async\" class=\"alignnone size-full wp-image-25109\" src=\"http:\/\/www.yungayino.cl\/noticias\/wp-content\/uploads\/2021\/09\/1-1.jpg\" alt=\"\" width=\"700\" height=\"350\" srcset=\"https:\/\/www.yungayino.cl\/noticias\/wp-content\/uploads\/2021\/09\/1-1.jpg 700w, https:\/\/www.yungayino.cl\/noticias\/wp-content\/uploads\/2021\/09\/1-1-300x150.jpg 300w\" sizes=\"auto, (max-width: 700px) 100vw, 700px\" \/><\/p>\n<p style=\"text-align: justify;\">Yungay, septiembre 2021: Esta semana las escuelas y liceos municipales de nuestra comuna dieron inicio a las clases presenciales 2021.<\/p>\n<p style=\"text-align: justify;\">M\u00e1s de 70 alumnos de s\u00e9ptimo y octavo se acercaron ayer lunes 20 de septiembre hasta su establecimiento para reconocer a sus maestros y compa\u00f1eros.<\/p>\n<p style=\"text-align: justify;\">Los estudiantes recibir\u00e1n tanto clases presenciales como online, por medio de turnos y con todas las medidas necesarias para que asistan de manera segura.<\/p>\n","protected":false},"excerpt":{"rendered":"<p>Yungay, septiembre 2021: Esta semana las escuelas y liceos municipales de nuestra comuna dieron inicio a las clases presenciales 2021. M\u00e1s de 70 alumnos de s\u00e9ptimo y octavo se acercaron ayer lunes 20 de&#46;&#46;&#46;<\/p>\n","protected":false},"author":2,"featured_media":25109,"comment_status":"closed","ping_status":"open","sticky":false,"template":"","format":"standard","meta":{"footnotes":""},"categories":[1493,1],"tags":[366,1115,8,6,117],"class_list":["post-25108","post","type-post","status-publish","format-standard","has-post-thumbnail","hentry","category-educacion","category-noticias","tag-educacion","tag-noticias","tag-yungay","tag-yungayino","tag-yungayinocl"],"_links":{"self":[{"href":"https:\/\/www.yungayino.cl\/noticias\/index.php?rest_route=\/wp\/v2\/posts\/25108","targetHints":{"allow":["GET"]}}],"collection":[{"href":"https:\/\/www.yungayino.cl\/noticias\/index.php?rest_route=\/wp\/v2\/posts"}],"about":[{"href":"https:\/\/www.yungayino.cl\/noticias\/index.php?rest_route=\/wp\/v2\/types\/post"}],"author":[{"embeddable":true,"href":"https:\/\/www.yungayino.cl\/noticias\/index.php?rest_route=\/wp\/v2\/users\/2"}],"replies":[{"embeddable":true,"href":"https:\/\/www.yungayino.cl\/noticias\/index.php?rest_route=%2Fwp%2Fv2%2Fcomments&post=25108"}],"version-history":[{"count":1,"href":"https:\/\/www.yungayino.cl\/noticias\/index.php?rest_route=\/wp\/v2\/posts\/25108\/revisions"}],"predecessor-version":[{"id":25110,"href":"https:\/\/www.yungayino.cl\/noticias\/index.php?rest_route=\/wp\/v2\/posts\/25108\/revisions\/25110"}],"wp:featuredmedia":[{"embeddable":true,"href":"https:\/\/www.yungayino.cl\/noticias\/index.php?rest_route=\/wp\/v2\/media\/25109"}],"wp:attachment":[{"href":"https:\/\/www.yungayino.cl\/noticias\/index.php?rest_route=%2Fwp%2Fv2%2Fmedia&parent=25108"}],"wp:term":[{"taxonomy":"category","embeddable":true,"href":"https:\/\/www.yungayino.cl\/noticias\/index.php?rest_route=%2Fwp%2Fv2%2Fcategories&post=25108"},{"taxonomy":"post_tag","embeddable":true,"href":"https:\/\/www.yungayino.cl\/noticias\/index.php?rest_route=%2Fwp%2Fv2%2Ftags&post=25108"}],"curies":[{"name":"wp","href":"https:\/\/api.w.org\/{rel}","templated":true}]}}