{"id":25111,"date":"2021-09-23T07:00:11","date_gmt":"2021-09-23T10:00:11","guid":{"rendered":"http:\/\/www.yungayino.cl\/noticias\/?p=25111"},"modified":"2021-09-22T13:23:09","modified_gmt":"2021-09-22T16:23:09","slug":"gobierno-regional-anuncia-periodo-de-postulaciones-para-subvenciones-fndr-de-cultura-y-deporte","status":"publish","type":"post","link":"https:\/\/www.yungayino.cl\/noticias\/?p=25111","title":{"rendered":"Gobierno Regional Anuncia Per\u00edodo de Postulaciones Para Subvenciones FNDR de Cultura y Deporte"},"content":{"rendered":"<p><img loading=\"lazy\" decoding=\"async\" class=\"alignnone size-full wp-image-25112\" src=\"http:\/\/www.yungayino.cl\/noticias\/wp-content\/uploads\/2021\/09\/fndr.jpg\" alt=\"\" width=\"700\" height=\"350\" srcset=\"https:\/\/www.yungayino.cl\/noticias\/wp-content\/uploads\/2021\/09\/fndr.jpg 700w, https:\/\/www.yungayino.cl\/noticias\/wp-content\/uploads\/2021\/09\/fndr-300x150.jpg 300w\" sizes=\"auto, (max-width: 700px) 100vw, 700px\" \/><\/p>\n<p style=\"text-align: justify;\">\u00d1uble, septiembre 2021: Luego de haber estado congelados durante un a\u00f1o, el Gobierno Regional de \u00d1uble vuelve a destinar recursos de las subvenciones del FNDR 2021 para las iniciativas de cultura y deporte, cuyas postulaciones comienzan el pr\u00f3ximo 29 de septiembre hasta el 4 de octubre de este a\u00f1o. El anuncio lo dio a conocer el Gobernador Regional, \u00d3scar Cris\u00f3stomo, junto a la jefa de la Divisi\u00f3n de Desarrollo Social y Humano, Tamara Valenzuela, quien adem\u00e1s inform\u00f3 que los equipos del Gobierno Regional est\u00e1n desplegados efectuando las capacitaciones a las agrupaciones interesadas en conocer los plazos y formas para presentar las iniciativas.<\/p>\n<p style=\"text-align: justify;\">En total son $1.343 millones, de los cuales $827 millones ser\u00e1n destinados a iniciativas de deporte y $515 millones para los proyectos de cultura y las autoridades detallaron que se podr\u00e1 a trav\u00e9s del correo <strong>subvencioncultura@goredenuble.cl<\/strong> o <strong>subvenciondeporte@goredenuble.cl<\/strong> seg\u00fan la categor\u00eda, o de manera presencial en el Gobierno Regional, tercer piso de los Edificios P\u00fablicos.<\/p>\n<p style=\"text-align: justify;\">El Gobernador Cris\u00f3stomo inform\u00f3 que \u201cestamos en pleno proceso de capacitaciones para la postulaci\u00f3n de subvenciones del Fondo Nacional de Desarrollo Regional, particularmente el 6% que en esta \u00faltima etapa del a\u00f1o va a beneficiar a organizaciones deportivas y culturales\u201d. Y agreg\u00f3 que \u201cqueremos invitar a las organizaciones sociales, culturales y deportivas que puedan postular. Hemos aumentado y los Consejeros Regionales han votado a favor para el aumento del 20% de los fondos para el presente a\u00f1o. Entendemos que el a\u00f1o pasado no hubo un fondo de deporte, nosotros lo hemos puesto sobre la mesa nuevamente y lo hemos aumentado cerca de 800 millones y m\u00e1s de 500 millones de pesos para fondos culturales\u201d.<\/p>\n<p style=\"text-align: justify;\">Tamara Valenzuela, por su parte, agradeci\u00f3, el apoyo de los equipos municipales para llevar adelante las capacitaciones y mencion\u00f3 que \u201ccomo lo acordamos junto a los alcaldes, la primera reuni\u00f3n que sostuvimos con ellos, la primera semana que asumimos, hemos coordinado el proceso de difusi\u00f3n de las subvenciones del 6% de cultura y deporte con los 21 alcaldes y sus Didecos en la regi\u00f3n\u201d.<\/p>\n<p style=\"text-align: justify;\">Detall\u00f3 que ma\u00f1ana martes \u201cvamos a estar con dos equipos en la provincia de Punilla y Diguill\u00edn, por lo tanto, debi\u00e9semos ya estar finiquitando el d\u00eda mi\u00e9rcoles todo el proceso de difusi\u00f3n que hemos coordinado con los municipios\u201d.<\/p>\n<p style=\"text-align: justify;\">Para m\u00e1s informaci\u00f3n puede ingresar a la web <strong><a href=\"http:\/\/www.goredenuble.cl\">www.goredenuble.cl<\/a><\/strong><\/p>\n","protected":false},"excerpt":{"rendered":"<p>\u00d1uble, septiembre 2021: Luego de haber estado congelados durante un a\u00f1o, el Gobierno Regional de \u00d1uble vuelve a destinar recursos de las subvenciones del FNDR 2021 para las iniciativas de cultura y deporte, cuyas&#46;&#46;&#46;<\/p>\n","protected":false},"author":2,"featured_media":25112,"comment_status":"closed","ping_status":"open","sticky":false,"template":"","format":"standard","meta":{"footnotes":""},"categories":[1],"tags":[2533,1115,1678,8,6,117],"class_list":["post-25111","post","type-post","status-publish","format-standard","has-post-thumbnail","hentry","category-noticias","tag-fndr","tag-noticias","tag-nuble","tag-yungay","tag-yungayino","tag-yungayinocl"],"_links":{"self":[{"href":"https:\/\/www.yungayino.cl\/noticias\/index.php?rest_route=\/wp\/v2\/posts\/25111","targetHints":{"allow":["GET"]}}],"collection":[{"href":"https:\/\/www.yungayino.cl\/noticias\/index.php?rest_route=\/wp\/v2\/posts"}],"about":[{"href":"https:\/\/www.yungayino.cl\/noticias\/index.php?rest_route=\/wp\/v2\/types\/post"}],"author":[{"embeddable":true,"href":"https:\/\/www.yungayino.cl\/noticias\/index.php?rest_route=\/wp\/v2\/users\/2"}],"replies":[{"embeddable":true,"href":"https:\/\/www.yungayino.cl\/noticias\/index.php?rest_route=%2Fwp%2Fv2%2Fcomments&post=25111"}],"version-history":[{"count":1,"href":"https:\/\/www.yungayino.cl\/noticias\/index.php?rest_route=\/wp\/v2\/posts\/25111\/revisions"}],"predecessor-version":[{"id":25113,"href":"https:\/\/www.yungayino.cl\/noticias\/index.php?rest_route=\/wp\/v2\/posts\/25111\/revisions\/25113"}],"wp:featuredmedia":[{"embeddable":true,"href":"https:\/\/www.yungayino.cl\/noticias\/index.php?rest_route=\/wp\/v2\/media\/25112"}],"wp:attachment":[{"href":"https:\/\/www.yungayino.cl\/noticias\/index.php?rest_route=%2Fwp%2Fv2%2Fmedia&parent=25111"}],"wp:term":[{"taxonomy":"category","embeddable":true,"href":"https:\/\/www.yungayino.cl\/noticias\/index.php?rest_route=%2Fwp%2Fv2%2Fcategories&post=25111"},{"taxonomy":"post_tag","embeddable":true,"href":"https:\/\/www.yungayino.cl\/noticias\/index.php?rest_route=%2Fwp%2Fv2%2Ftags&post=25111"}],"curies":[{"name":"wp","href":"https:\/\/api.w.org\/{rel}","templated":true}]}}