{"id":25126,"date":"2021-09-27T10:00:25","date_gmt":"2021-09-27T13:00:25","guid":{"rendered":"http:\/\/www.yungayino.cl\/noticias\/?p=25126"},"modified":"2021-09-27T14:00:21","modified_gmt":"2021-09-27T17:00:21","slug":"nuble-sera-sede-del-atletismo-en-inedita-version-de-los-juegos-de-la-araucania","status":"publish","type":"post","link":"https:\/\/www.yungayino.cl\/noticias\/?p=25126","title":{"rendered":"\u00d1uble Ser\u00e1 Sede del Atletismo en In\u00e9dita Versi\u00f3n de los Juegos de la Araucan\u00eda"},"content":{"rendered":"<p><img loading=\"lazy\" decoding=\"async\" class=\"alignnone size-full wp-image-25127\" src=\"http:\/\/www.yungayino.cl\/noticias\/wp-content\/uploads\/2021\/09\/JJAA-2019.jpg\" alt=\"\" width=\"700\" height=\"350\" srcset=\"https:\/\/www.yungayino.cl\/noticias\/wp-content\/uploads\/2021\/09\/JJAA-2019.jpg 700w, https:\/\/www.yungayino.cl\/noticias\/wp-content\/uploads\/2021\/09\/JJAA-2019-300x150.jpg 300w\" sizes=\"auto, (max-width: 700px) 100vw, 700px\" \/><\/p>\n<p style=\"text-align: justify;\">\u00d1uble, septiembre 2021: Entre el pr\u00f3ximo 26 de octubre y hasta el 26 de noviembre, se realizar\u00e1n los Juegos de la Araucan\u00eda y Para-Araucan\u00eda Chile 2021, en una in\u00e9dita versi\u00f3n nacional que abarcar\u00e1 las siete regiones del sur de Chile, excluyendo a las provincias argentinas debido a la pandemia.<\/p>\n<p style=\"text-align: justify;\">En esta nueva modalidad, las disciplinas en competencia se repartir\u00e1n en diferentes sedes por regi\u00f3n, para as\u00ed trabajar en \u201cburbujas\u201d que aseguren el cumplimiento de protocolos sanitarios y aforos permitidos. En el caso de \u00d1uble, se albergar\u00e1 el atletismo varones, cuya realizaci\u00f3n est\u00e1 proyectada entre el 11 y 14 de noviembre en la Pista Atl\u00e9tica del Estadio Quilamapu.<\/p>\n<p style=\"text-align: justify;\">\u201cSe hicieron todos los esfuerzos a nivel institucional para volver a realizar estos juegos que el a\u00f1o pasado se debieron suspender en un contexto de pandemia mucho m\u00e1s cr\u00edtico. Es una gran noticia para nuestros deportistas que esperan con ansias volver a las pistas. Se asegurar\u00e1 el cumplimiento de todas las medidas sanitarias, y por eso se trabajar\u00e1 en sedes burbuja\u201d, sostuvo el Seremi del Deporte, Edgardo Rodr\u00edguez.<\/p>\n<p style=\"text-align: justify;\">En cuanto al resto de las sedes; el b\u00e1squetbol damas se disputar\u00e1 en Magallanes (del 26 al 31 de octubre); el judo en Ays\u00e9n (del 31 de octubre al 4 de noviembre); el ciclismo en Los Lagos (4 al 8 de noviembre); la nataci\u00f3n en La Araucan\u00eda (7 al 11 de noviembre); y el atletismo damas y b\u00e1squetbol varones en Los R\u00edos (7 al 12 de noviembre).<\/p>\n<p style=\"text-align: justify;\">Cabe destacar que para este a\u00f1o tambi\u00e9n se proyecta la realizaci\u00f3n de los Juegos Para-Araucan\u00eda, cuya sede ser\u00e1 la regi\u00f3n de La Araucan\u00eda, entre los d\u00edas 23 y 26 de noviembre. Habr\u00e1 dos disciplinas en competencia: Para-Atletismo y Para-Nataci\u00f3n.<\/p>\n<p style=\"text-align: justify;\">Atletismo varones en \u00d1uble<\/p>\n<p style=\"text-align: justify;\">EL Director del IND \u00d1uble, Carlos Chand\u00eda, detall\u00f3 que \u201cEs una tremenda oportunidad y responsabilidad recibir en nuestra regi\u00f3n el atletismo varones. Para eso se invertir\u00e1n a trav\u00e9s del IND \u00d1uble $64 millones abarcando hoteler\u00eda, alimentaci\u00f3n, transporte, recurso humano para control de competencias y todo lo que implica la organizaci\u00f3n del evento. Queremos que estos juegos dejen el precedente de que \u00d1uble puede recibir importantes competencias a futuro\u201d.<\/p>\n<p style=\"text-align: justify;\">Se espera recibir a m\u00e1s de 120 personas, entre deportistas, entrenadores y equipos multidisciplinarios de las diferentes regiones. Todos ellos deber\u00e1n contar con su Pase de Movilidad, adem\u00e1s de un PCR negativo de m\u00e1ximo 72 horas antes del ingreso a \u00d1uble.<\/p>\n","protected":false},"excerpt":{"rendered":"<p>\u00d1uble, septiembre 2021: Entre el pr\u00f3ximo 26 de octubre y hasta el 26 de noviembre, se realizar\u00e1n los Juegos de la Araucan\u00eda y Para-Araucan\u00eda Chile 2021, en una in\u00e9dita versi\u00f3n nacional que abarcar\u00e1 las&#46;&#46;&#46;<\/p>\n","protected":false},"author":2,"featured_media":25127,"comment_status":"closed","ping_status":"open","sticky":false,"template":"","format":"standard","meta":{"footnotes":""},"categories":[17,1],"tags":[1120,1115,1678,8,6,117],"class_list":["post-25126","post","type-post","status-publish","format-standard","has-post-thumbnail","hentry","category-deporte","category-noticias","tag-deporte","tag-noticias","tag-nuble","tag-yungay","tag-yungayino","tag-yungayinocl"],"_links":{"self":[{"href":"https:\/\/www.yungayino.cl\/noticias\/index.php?rest_route=\/wp\/v2\/posts\/25126","targetHints":{"allow":["GET"]}}],"collection":[{"href":"https:\/\/www.yungayino.cl\/noticias\/index.php?rest_route=\/wp\/v2\/posts"}],"about":[{"href":"https:\/\/www.yungayino.cl\/noticias\/index.php?rest_route=\/wp\/v2\/types\/post"}],"author":[{"embeddable":true,"href":"https:\/\/www.yungayino.cl\/noticias\/index.php?rest_route=\/wp\/v2\/users\/2"}],"replies":[{"embeddable":true,"href":"https:\/\/www.yungayino.cl\/noticias\/index.php?rest_route=%2Fwp%2Fv2%2Fcomments&post=25126"}],"version-history":[{"count":2,"href":"https:\/\/www.yungayino.cl\/noticias\/index.php?rest_route=\/wp\/v2\/posts\/25126\/revisions"}],"predecessor-version":[{"id":25129,"href":"https:\/\/www.yungayino.cl\/noticias\/index.php?rest_route=\/wp\/v2\/posts\/25126\/revisions\/25129"}],"wp:featuredmedia":[{"embeddable":true,"href":"https:\/\/www.yungayino.cl\/noticias\/index.php?rest_route=\/wp\/v2\/media\/25127"}],"wp:attachment":[{"href":"https:\/\/www.yungayino.cl\/noticias\/index.php?rest_route=%2Fwp%2Fv2%2Fmedia&parent=25126"}],"wp:term":[{"taxonomy":"category","embeddable":true,"href":"https:\/\/www.yungayino.cl\/noticias\/index.php?rest_route=%2Fwp%2Fv2%2Fcategories&post=25126"},{"taxonomy":"post_tag","embeddable":true,"href":"https:\/\/www.yungayino.cl\/noticias\/index.php?rest_route=%2Fwp%2Fv2%2Ftags&post=25126"}],"curies":[{"name":"wp","href":"https:\/\/api.w.org\/{rel}","templated":true}]}}