{"id":25141,"date":"2021-10-01T15:00:03","date_gmt":"2021-10-01T18:00:03","guid":{"rendered":"http:\/\/www.yungayino.cl\/noticias\/?p=25141"},"modified":"2021-10-01T18:22:01","modified_gmt":"2021-10-01T21:22:01","slug":"comienza-mejor-ninez-el-nuevo-servicio-nacional-de-proteccion-especializada-a-la-ninez-y-adolescencia","status":"publish","type":"post","link":"https:\/\/www.yungayino.cl\/noticias\/?p=25141","title":{"rendered":"Comienza Mejor Ni\u00f1ez, el Nuevo Servicio Nacional de Protecci\u00f3n Especializada a la Ni\u00f1ez y Adolescencia"},"content":{"rendered":"<p><img loading=\"lazy\" decoding=\"async\" class=\"alignnone size-full wp-image-25142\" src=\"http:\/\/www.yungayino.cl\/noticias\/wp-content\/uploads\/2021\/10\/mejor-ninez.jpg\" alt=\"\" width=\"700\" height=\"350\" srcset=\"https:\/\/www.yungayino.cl\/noticias\/wp-content\/uploads\/2021\/10\/mejor-ninez.jpg 700w, https:\/\/www.yungayino.cl\/noticias\/wp-content\/uploads\/2021\/10\/mejor-ninez-300x150.jpg 300w\" sizes=\"auto, (max-width: 700px) 100vw, 700px\" \/><\/p>\n<p style=\"text-align: justify;\">\u00d1uble, octubre 2021:\u00a0 Esta ma\u00f1ana, autoridades de Gobierno se reunieron para dar la bienvenida a los funcionarios de Mejor Ni\u00f1ez, el nuevo Servicio de Protecci\u00f3n Especializada a la Ni\u00f1ez y Adolescencia, que desde este 1\u00b0 de octubre reemplaza a Sename en materia de protecci\u00f3n.<\/p>\n<p style=\"text-align: justify;\">Mejor Ni\u00f1ez, depender\u00e1 del Ministerio de Desarrollo Social e inicia con cambios sustanciales para la historia de la protecci\u00f3n del pa\u00eds. Desde hoy, son sujetos de atenci\u00f3n del Servicio no solo los ni\u00f1os, ni\u00f1as y adolescentes, sino tambi\u00e9n sus familias. \u201cEl Servicio de Mejor Ni\u00f1ez no cierra un proceso institucional. Antes bien, abre nuevos retos, nuevas obligaciones y un nuevo \u00edmpetu del que debemos hacernos cargo en todos los \u00e1mbitos de la sociedad: desde el Estado, desde la Sociedad Civil y por supuesto, desde las familias, cualquiera sea la constituci\u00f3n de estas\u201d, expres\u00f3 la ministra Karla Rubilar.<\/p>\n<p style=\"text-align: justify;\">Asimismo, la separaci\u00f3n del ni\u00f1o o ni\u00f1a ser\u00e1 la \u00faltima opci\u00f3n, y en este caso excepcional, se deber\u00e1 priorizar el acogimiento familiar por sobre el residencial.<\/p>\n<p style=\"text-align: justify;\">\u00abHoy inicia una nueva historia en la protecci\u00f3n de la ni\u00f1ez en el pa\u00eds. Mejor Ni\u00f1ez tiene la misi\u00f3n de proteger, reparar y restituir los derechos de todos los ni\u00f1os, ni\u00f1as y adolescentes que han sido gravemente amenazados y vulnerados. Comenzamos a construir, en todo Chile, la Mejor Ni\u00f1ez que cada ni\u00f1o, que cada ni\u00f1a del pa\u00eds, cada persona del pa\u00eds necesita y espera,\u201d anunci\u00f3 la Directora Nacional de Mejor Ni\u00f1ez, Mar\u00eda Jos\u00e9 Castro.<\/p>\n<p style=\"text-align: justify;\">Adicionalmente, las autoridades recalcaron la importancia de un trabajo colaborativo en pos del bienestar de los ni\u00f1os, ni\u00f1as y adolescentes, mencionando que la ley que crea Mejor Ni\u00f1ez exige una coordinaci\u00f3n permanente y vinculante con los distintos agentes que complementan la protecci\u00f3n de los NNA, tanto el Estado como de la sociedad civil.<\/p>\n<p style=\"text-align: justify;\">\u201cLa instalaci\u00f3n del nuevo Servicio Mejor Ni\u00f1ez en la Regi\u00f3n de \u00d1uble \u00a0significa la concreci\u00f3n del compromiso del Presidente Sebasti\u00e1n Pi\u00f1era de poner a los ni\u00f1os y ni\u00f1as \u00a0primero en la fila, pero tambi\u00e9n representa \u00a0un gran avance en materia de descentralizaci\u00f3n, ya que el nuevo servicio \u00a0tendr\u00e1 entre sus prioridades \u00a0el \u00a0generar una oferta program\u00e1tica \u00a0en materia de ni\u00f1ez acorde a la pertinencia cultural y territorial de la Regi\u00f3n de \u00d1uble\u201d, indic\u00f3 la Seremi de Desarrollo Social y Familia, Doris Osses.<\/p>\n<p style=\"text-align: justify;\">Por su parte, la Director Regional (s), Carla Merino, dijo que \u201ces deber del Estado velar por su \u00edntegra protecci\u00f3n evitando que sufran nuevas vulneraciones y velando porque su derecho a vivir en familia sea restituido en el m\u00e1s breve plazo.\u201d<\/p>\n<p style=\"text-align: justify;\">En Mejor Ni\u00f1ez se fortalecer\u00e1n los territorios con Directores Regionales con m\u00e1s atribuciones para tomar decisiones de acuerdo a la realidad de su regi\u00f3n y con una redistribuci\u00f3n en los programas, ajustados a la realidad cultural, territorial y \u00e9tica, de modo que los ni\u00f1os ni\u00f1as y adolescentes puedan acceder al programa pertinente en el lugar en el que viven.<\/p>\n","protected":false},"excerpt":{"rendered":"<p>\u00d1uble, octubre 2021:\u00a0 Esta ma\u00f1ana, autoridades de Gobierno se reunieron para dar la bienvenida a los funcionarios de Mejor Ni\u00f1ez, el nuevo Servicio de Protecci\u00f3n Especializada a la Ni\u00f1ez y Adolescencia, que desde este&#46;&#46;&#46;<\/p>\n","protected":false},"author":2,"featured_media":25142,"comment_status":"closed","ping_status":"open","sticky":false,"template":"","format":"standard","meta":{"footnotes":""},"categories":[1],"tags":[2536,1115,1678,8,6,117],"class_list":["post-25141","post","type-post","status-publish","format-standard","has-post-thumbnail","hentry","category-noticias","tag-mejor-ninez","tag-noticias","tag-nuble","tag-yungay","tag-yungayino","tag-yungayinocl"],"_links":{"self":[{"href":"https:\/\/www.yungayino.cl\/noticias\/index.php?rest_route=\/wp\/v2\/posts\/25141","targetHints":{"allow":["GET"]}}],"collection":[{"href":"https:\/\/www.yungayino.cl\/noticias\/index.php?rest_route=\/wp\/v2\/posts"}],"about":[{"href":"https:\/\/www.yungayino.cl\/noticias\/index.php?rest_route=\/wp\/v2\/types\/post"}],"author":[{"embeddable":true,"href":"https:\/\/www.yungayino.cl\/noticias\/index.php?rest_route=\/wp\/v2\/users\/2"}],"replies":[{"embeddable":true,"href":"https:\/\/www.yungayino.cl\/noticias\/index.php?rest_route=%2Fwp%2Fv2%2Fcomments&post=25141"}],"version-history":[{"count":2,"href":"https:\/\/www.yungayino.cl\/noticias\/index.php?rest_route=\/wp\/v2\/posts\/25141\/revisions"}],"predecessor-version":[{"id":25144,"href":"https:\/\/www.yungayino.cl\/noticias\/index.php?rest_route=\/wp\/v2\/posts\/25141\/revisions\/25144"}],"wp:featuredmedia":[{"embeddable":true,"href":"https:\/\/www.yungayino.cl\/noticias\/index.php?rest_route=\/wp\/v2\/media\/25142"}],"wp:attachment":[{"href":"https:\/\/www.yungayino.cl\/noticias\/index.php?rest_route=%2Fwp%2Fv2%2Fmedia&parent=25141"}],"wp:term":[{"taxonomy":"category","embeddable":true,"href":"https:\/\/www.yungayino.cl\/noticias\/index.php?rest_route=%2Fwp%2Fv2%2Fcategories&post=25141"},{"taxonomy":"post_tag","embeddable":true,"href":"https:\/\/www.yungayino.cl\/noticias\/index.php?rest_route=%2Fwp%2Fv2%2Ftags&post=25141"}],"curies":[{"name":"wp","href":"https:\/\/api.w.org\/{rel}","templated":true}]}}