{"id":25145,"date":"2021-10-02T07:00:25","date_gmt":"2021-10-02T10:00:25","guid":{"rendered":"http:\/\/www.yungayino.cl\/noticias\/?p=25145"},"modified":"2021-10-01T18:25:45","modified_gmt":"2021-10-01T21:25:45","slug":"sercotec-nuble-lanza-programas-reactivate-fdnr-para-gastronomico-de-la-region","status":"publish","type":"post","link":"https:\/\/www.yungayino.cl\/noticias\/?p=25145","title":{"rendered":"SERCOTEC \u00d1uble Lanza Programas React\u00edvate FDNR Para Gastron\u00f3mico de la Regi\u00f3n"},"content":{"rendered":"<p><img loading=\"lazy\" decoding=\"async\" class=\"alignnone size-full wp-image-25146\" src=\"http:\/\/www.yungayino.cl\/noticias\/wp-content\/uploads\/2021\/10\/SERCOTECfdnr.jpg\" alt=\"\" width=\"700\" height=\"350\" srcset=\"https:\/\/www.yungayino.cl\/noticias\/wp-content\/uploads\/2021\/10\/SERCOTECfdnr.jpg 700w, https:\/\/www.yungayino.cl\/noticias\/wp-content\/uploads\/2021\/10\/SERCOTECfdnr-300x150.jpg 300w\" sizes=\"auto, (max-width: 700px) 100vw, 700px\" \/><\/p>\n<p style=\"text-align: justify;\">\u00d1uble, octubre 2021: Este programa tendr\u00e1 70 cupos y se podr\u00e1 postular hasta el <strong>05 de octubre a las 15:00 horas<\/strong>.<\/p>\n<p style=\"text-align: justify;\">Las peque\u00f1as y medianas empresas gastron\u00f3micas de nuestra Regi\u00f3n, a pesar de las dificultades por las que han pasado debido a la pandemia, siguen con m\u00e1s fuerza. Es por eso que Sercotec \u00d1uble con la presencia de nuestro Director Nacional de Sercotec Bruno Trisotti, autoridades locales y los integrantes del Gremio Gastron\u00f3mico Gay\u00e9n, abri\u00f3 un fondo para impulsar la reactivaci\u00f3n econ\u00f3mica gastron\u00f3mica. Se trata del programa React\u00edvate Gastron\u00f3mico, financiado con Fondo Nacional de Desarrollo Regional (FDNR), subsidio que cuenta con un presupuesto de $280 millones y con los que se espera beneficiar a cerca de 70 emprendedores y peque\u00f1as empresas de \u00d1uble.<\/p>\n<p style=\"text-align: justify;\">Al respecto,\u00a0el Director Nacional de Sercotec, entidad dependiente del Ministerio de Econom\u00eda, Bruno Trisotti\u00a0se\u00f1al\u00f3: \u201cEstamos muy contentos de estar en \u00d1uble junto a empresarios gastron\u00f3micos entreg\u00e1ndoles buenas noticias. Sabemos que el trabajo colaborativo es muy importante para la reactivaci\u00f3n de nuestras pymes y es por eso que, gracias al apoyo del Gobierno regional, estamos lanzando este programa que va en directo apoyo a los emprendedores gastron\u00f3micos de esta regi\u00f3n para que puedan reactivarse, implementar medidas para el Covid-19 y sacar adelante sus negocios. Sabemos que detr\u00e1s de cada emprendedor hay una familia y en Sercotec seguimos trabajando para reactivar a las pymes, porque son nuestro orgullo nacional\u201d.<\/p>\n<p style=\"text-align: justify;\">Mientras el Director Regional de Sercotec \u00d1uble, Ignacio Vidal indic\u00f3 que: \u201cEste programa lo dise\u00f1amos trabajando junto al gremio gastron\u00f3mico para que, a trav\u00e9s de una postulaci\u00f3n objetiva y transparente, logremos beneficiar a la mayor cantidad de empresarios de este rubro que result\u00f3 tan afectado por la pandemia. Por eso, concordamos los periodos de comparaci\u00f3n, antig\u00fcedad de las empresas y, adem\u00e1s, focalizamos en cinco c\u00f3digos de actividad econ\u00f3mica (561000: Actividades de restaurantes y de servicio m\u00f3vil de comidas \u2013 562900: Suministro industrial de comidas por encargo; concesi\u00f3n de servicios de alimentaci\u00f3n \u2013 563001: Actividades de discotecas y cabaret\/night club, con predominio del servicio de bebidas \u2013 563009: Otras actividades de servicio de bebidas n.c.p. \u2013 562100: Suministro de comidas por encargo\/servicios de banqueter\u00eda) estipulado en el anexo 5 de las bases. Este resultado es el ejemplo de que en Sercotec trabajamos para que las cosas resulten\u201d.<\/p>\n<p style=\"text-align: justify;\">Por otro lado, el Delegado Presidencial de \u00d1uble, Crist\u00f3bal Jardua expres\u00f3: \u00abComo Gobierno, nuestro foco ha estado puesto en la reactivaci\u00f3n de la econom\u00eda y en ayudar a los peque\u00f1os y medianos empresarios de nuestra regi\u00f3n, quienes han sido los principales afectados producto de la pandemia. Este nuevo React\u00edvate viene a apoyar econ\u00f3micamente a quienes se han visto tan golpeados durante los \u00faltimos 18 meses y que hoy, poco a poco, vuelven a salir adelante\u201d.<\/p>\n<p style=\"text-align: justify;\">El Gobernador de \u00d1uble, Oscar Cris\u00f3stomo dijo: \u201cInvito al rubro gastron\u00f3mico a postular a estos fondos regionales trabajados en conjunto con Sercotec y conocer todos los detalles en <strong><a href=\"http:\/\/www.sercotec.cl\/fndr-reactivate-pyme-gastronomico-region-nuble\">www.sercotec.cl\/fndr-reactivate-pyme-gastronomico-region-nuble<\/a><\/strong> hasta el 5 de octubre\u00bb.<\/p>\n<p style=\"text-align: justify;\">Finalmente, el Seremi de Econom\u00eda \u00d1uble Dalibor Franulic agreg\u00f3: \u201cValoramos el compromiso del Gobierno del Presidente Sebasti\u00e1n Pi\u00f1era y las distintas entidades involucradas que han ido en apoyo con los peque\u00f1os y medianos empresarios que est\u00e1n trabajando de forma asociativa para superar los efectos de la crisis sanitaria. Tenemos un gran compromiso de impulsar la econom\u00eda de la regi\u00f3n y el trabajo mancomunado es clave para seguir levantando iniciativas que lleguen a todos los rincones de nuestra Regi\u00f3n y sigamos sumando m\u00e1s pymes beneficiadas.<\/p>\n<p style=\"text-align: justify;\"><strong>\u00bfQu\u00e9 es el programa React\u00edvate Gastron\u00f3mico FDNR \u00d1uble?<\/strong><\/p>\n<p style=\"text-align: justify;\">Es un fondo que apoya a las pymes con un 98% del total del plan de inversi\u00f3n, con tope de hasta 4 millones de pesos. Este beneficio permitir\u00e1 a las micro y peque\u00f1as empresas del sector gastron\u00f3mico, adquirir, a trav\u00e9s de un Plan de Compras: activos fijos, capital de trabajo (materias primas y materiales, mercader\u00eda), financiar arriendos, sueldos, pago de servicios y\/o consumos generales, cuotas de cr\u00e9ditos, habilitaci\u00f3n de infraestructura, gastos en promoci\u00f3n y publicidad y servicios esenciales para el funcionamiento del negocio. Adem\u00e1s, podr\u00e1n financiar la adquisici\u00f3n de materiales necesarios para implementar protocolos sanitarios ante el Covid-19. Por ejemplo, la empresa puede rendir boletas de luz, arriendo, compra de herramientas, etc., que haya pagado desde marzo 2020 y se les reembolsar\u00e1 ese gasto, porque este subsidio es retroactivo y permitir\u00e1 financiar gastos desde marzo de 2020 en adelante.<\/p>\n<p style=\"text-align: justify;\">Con este subsidio el empresario (a) puede postular en un tramo hasta $3.000.000 y $4.000.000 de acuerdo al Plan de Presupuesto y Compras que presente al momento de postular. El beneficio se calcular\u00e1 de acuerdo a los gastos asociados seg\u00fan requiera el empresario y no se calcular\u00e1 de acuerdo a un tramo de ventas.<\/p>\n<p style=\"text-align: justify;\">Con este programa se busca apoyar la reactivaci\u00f3n de los negocios gastron\u00f3micos, mejorar su potencial productivo y\/o ampliar los negocios o los servicios que prestan. Cada empresa seleccionada deber\u00e1 entregar un aporte empresarial que corresponder\u00e1 al 2% del subsidio Sercotec.<\/p>\n<p style=\"text-align: justify;\">Este es un aporte que se ha flexibilizado para dar m\u00e1s facilidades a los emprendedores, pudiendo \u00e9stos presentar pagos de gastos desde el 18 de marzo 2020 para que sean integrados, como sueldos, arriendos, cuotas de cr\u00e9ditos etc.<\/p>\n<p style=\"text-align: justify;\"><strong>\u00bfC\u00f3mo se puede postular a React\u00edvate Pyme? <\/strong><\/p>\n<ol style=\"text-align: justify;\">\n<li>Ingresar a <strong><a href=\"https:\/\/www.sercotec.cl\/\">www.sercote.cl<\/a><\/strong> para registrarse como usuario o actualizar antecedentes.<\/li>\n<li>Completar Formulario de postulaci\u00f3n disponible en <strong><a href=\"https:\/\/www.sercotec.cl\/\">www.sercotec.cl<\/a> <\/strong><\/li>\n<li>Adjuntar Carpeta Tributaria para solicitar Cr\u00e9ditos. Este documento disponible en <strong><a href=\"http:\/\/www.sii.cl\">www.sii.cl<\/a> <\/strong>debe contener los formularios 29 de los per\u00edodos requeridos para el c\u00e1lculo, tanto del nivel de ventas como para la disminuci\u00f3n de \u00e9stas.<\/li>\n<\/ol>\n<p style=\"text-align: justify;\"><strong>\u00bfQu\u00e9 podr\u00e1n financiar las pymes con este subsidio de Sercotec?<\/strong><\/p>\n<p style=\"text-align: justify;\">1.- Activos Fijos: Corresponde a la adquisici\u00f3n de bienes (activos tangibles e intangibles) tales como: Maquinarias, Equipos, Herramientas o Mobiliario, con su respectivo servicio de instalaci\u00f3n y puesta en marcha (mesones, toldos, contenedores de basura, stands, entre otros).<\/p>\n<p style=\"text-align: justify;\">2.- Capital de Trabajo: por ejemplo, materias primas y materiales; mercader\u00eda; arriendo de maquinarias o bienes ra\u00edces (industriales, comerciales o agr\u00edcolas), necesarias para el desarrollo del negocio. Tambi\u00e9n podr\u00e1n financiar el pago de sueldos (para aquellos casos en donde el empleador no se haya adscrito a la Ley 21.227 sobre Protecci\u00f3n del Empleo); el pago de servicios b\u00e1sicos (agua, gas, energ\u00eda el\u00e9ctrica, gastos comunes, tel\u00e9fono, Internet, TV cable, etc.), asociados al negocio afectado o tambi\u00e9n el pago de cuotas de cr\u00e9ditos, los cuales consideran s\u00f3lo el pago de deuda, no intereses. Estos deben estar suscritos con instituciones financieras y a nombre de una persona jur\u00eddica. Se podr\u00e1n financiar cuotas de cr\u00e9dito pagadas desde el 18 de marzo en adelante.<\/p>\n<p style=\"text-align: justify;\">3.- Habilitaci\u00f3n de Infraestructura: Obras menores a implementar dentro de los 2 meses de plazo del contrato con Sercotec.<\/p>\n<p style=\"text-align: justify;\">4.- Promoci\u00f3n, publicidad y difusi\u00f3n: Comprende el gasto para contrataci\u00f3n de servicios de marketing digital, y otros de promoci\u00f3n, difusi\u00f3n y publicidad de los proyectos.<\/p>\n<p style=\"text-align: justify;\">5.- Servicios esenciales para el funcionamiento del negocio: Comprende el gasto de aquellos servicios que son contratados por la empresa a un tercero, y resultan indispensables para el desarrollo del negocio. Materiales necesarios para implementar protocolos de seguridad y resguardo sanitario ante el Covid-19. Adem\u00e1s de habilitaci\u00f3n de carros de compra en p\u00e1ginas web, de pago digital, kits para delivery, campa\u00f1as educativas sanitarias, entre otros.<\/p>\n<p style=\"text-align: justify;\"><strong>\u00bfQu\u00e9 requisitos deben cumplir las pymes para postular?<\/strong><\/p>\n<ul>\n<li style=\"text-align: justify;\">Cumplir con uno de los 5 CIIU del rubro gastron\u00f3mico (561000: Actividades de restaurantes y de servicio m\u00f3vil de comidas \u2013 562900: Suministro industrial de comidas por encargo; concesi\u00f3n de servicios de alimentaci\u00f3n \u2013 563001: Actividades de discotecas y cabaret *night club*, con predominio del servicio de bebidas \u2013 563009: Otras actividades de servicio de bebidas n.c.p. \u2013 562100: Suministro de comidas por encargo (servicios de banqueter\u00eda) estipulado en el anexo 5 de las bases.<\/li>\n<li style=\"text-align: justify;\">Ser persona natural y\/o jur\u00eddica con iniciaci\u00f3n de actividades en primera categor\u00eda ante el Servicio de Impuestos Internos (SII) hasta el 30 de septiembre 2019 y estar vigente a la fecha de inicio de la convocatoria.<\/li>\n<li style=\"text-align: justify;\">Tener disminuci\u00f3n de ventas, comparando el total de ventas del per\u00edodo 1 con el total de ventas del per\u00edodo 2.<\/li>\n<li style=\"text-align: justify;\">Contar con ventas netas anuales, mayores o iguales a 100 UF e inferiores o iguales a 25.000 UF anuales. Para el c\u00e1lculo del nivel de ventas netas se utilizar\u00e1 el valor de la UF correspondiente a la fecha de inicio de la presente convocatoria, y se considerar\u00e1n los c\u00f3digos 538, 020 y 142 de los respectivos Formularios 29. Por su parte, se utilizar\u00e1 el siguiente per\u00edodo: octubre 2019 &#8211; septiembre 2020.<\/li>\n<li style=\"text-align: justify;\">En el caso de ser cooperativas, se les solicitar\u00e1 que las ventas netas promedio por asociado sean inferiores o iguales a 25.000 UF, lo cual se calcula con el monto total de ventas netas durante el per\u00edodo de c\u00e1lculo de ventas netas de la cooperativa, dividido por el n\u00famero de asociados.<\/li>\n<li style=\"text-align: justify;\">No haber incumplido las obligaciones contractuales de un proyecto de Sercotec con el Agente Operador Sercotec, a la fecha de inicio de la convocatoria.<\/li>\n<li style=\"text-align: justify;\">No tener condenas por pr\u00e1cticas antisindicales y\/o infracci\u00f3n a derechos fundamentales del trabajador, dentro de los dos a\u00f1os anteriores a la fecha de la firma del contrato.<\/li>\n<li style=\"text-align: justify;\">No tener deudas laborales o previsionales ni multas impagas, al momento de la formalizaci\u00f3n. Por ejemplo, una empresa que debe cotizaciones a sus empleadores, no puede firmar contrato.<\/li>\n<li style=\"text-align: justify;\">Contar con una empresa registrada en la regi\u00f3n de la presente convocatoria en el portal <strong><a href=\"http:\/\/www.sercotec.cl\">sercotec.cl<\/a><\/strong><\/li>\n<li style=\"text-align: justify;\">No haber sido beneficiario de la convocatoria React\u00edvate 2021*.<\/li>\n<li style=\"text-align: justify;\">Contar con el 2% de cofinanciamiento sobre el subsidio Sercotec, el cual deber\u00e1 ser entregado al Agente Operador Sercotec previo a la firma de contrato en efectivo, transferencia electr\u00f3nica o dep\u00f3sito bancario o con gastos retroactivos de la empresa hasta el 18 de marzo de 2020.<\/li>\n<li style=\"text-align: justify;\">No haber sido sometido a un procedimiento concursal de liquidaci\u00f3n, seg\u00fan la ley N\u00b020.720, al 30 de marzo de 2021.<\/li>\n<li style=\"text-align: justify;\">Sercotec validar\u00e1 nuevamente esta condici\u00f3n al momento de formalizar.<\/li>\n<\/ul>\n","protected":false},"excerpt":{"rendered":"<p>\u00d1uble, octubre 2021: Este programa tendr\u00e1 70 cupos y se podr\u00e1 postular hasta el 05 de octubre a las 15:00 horas. Las peque\u00f1as y medianas empresas gastron\u00f3micas de nuestra Regi\u00f3n, a pesar de las&#46;&#46;&#46;<\/p>\n","protected":false},"author":2,"featured_media":25146,"comment_status":"closed","ping_status":"open","sticky":false,"template":"","format":"standard","meta":{"footnotes":""},"categories":[1],"tags":[1115,1678,160,8,6,117],"class_list":["post-25145","post","type-post","status-publish","format-standard","has-post-thumbnail","hentry","category-noticias","tag-noticias","tag-nuble","tag-sercotec","tag-yungay","tag-yungayino","tag-yungayinocl"],"_links":{"self":[{"href":"https:\/\/www.yungayino.cl\/noticias\/index.php?rest_route=\/wp\/v2\/posts\/25145","targetHints":{"allow":["GET"]}}],"collection":[{"href":"https:\/\/www.yungayino.cl\/noticias\/index.php?rest_route=\/wp\/v2\/posts"}],"about":[{"href":"https:\/\/www.yungayino.cl\/noticias\/index.php?rest_route=\/wp\/v2\/types\/post"}],"author":[{"embeddable":true,"href":"https:\/\/www.yungayino.cl\/noticias\/index.php?rest_route=\/wp\/v2\/users\/2"}],"replies":[{"embeddable":true,"href":"https:\/\/www.yungayino.cl\/noticias\/index.php?rest_route=%2Fwp%2Fv2%2Fcomments&post=25145"}],"version-history":[{"count":3,"href":"https:\/\/www.yungayino.cl\/noticias\/index.php?rest_route=\/wp\/v2\/posts\/25145\/revisions"}],"predecessor-version":[{"id":25149,"href":"https:\/\/www.yungayino.cl\/noticias\/index.php?rest_route=\/wp\/v2\/posts\/25145\/revisions\/25149"}],"wp:featuredmedia":[{"embeddable":true,"href":"https:\/\/www.yungayino.cl\/noticias\/index.php?rest_route=\/wp\/v2\/media\/25146"}],"wp:attachment":[{"href":"https:\/\/www.yungayino.cl\/noticias\/index.php?rest_route=%2Fwp%2Fv2%2Fmedia&parent=25145"}],"wp:term":[{"taxonomy":"category","embeddable":true,"href":"https:\/\/www.yungayino.cl\/noticias\/index.php?rest_route=%2Fwp%2Fv2%2Fcategories&post=25145"},{"taxonomy":"post_tag","embeddable":true,"href":"https:\/\/www.yungayino.cl\/noticias\/index.php?rest_route=%2Fwp%2Fv2%2Ftags&post=25145"}],"curies":[{"name":"wp","href":"https:\/\/api.w.org\/{rel}","templated":true}]}}