{"id":25150,"date":"2021-10-04T15:00:08","date_gmt":"2021-10-04T18:00:08","guid":{"rendered":"http:\/\/www.yungayino.cl\/noticias\/?p=25150"},"modified":"2021-10-04T19:31:50","modified_gmt":"2021-10-04T22:31:50","slug":"mas-de-498-mil-personas-reciben-en-nuble-el-ife-universal","status":"publish","type":"post","link":"https:\/\/www.yungayino.cl\/noticias\/?p=25150","title":{"rendered":"M\u00e1s de 498 Mil Personas Reciben en \u00d1uble el IFE Universal"},"content":{"rendered":"<p><img loading=\"lazy\" decoding=\"async\" class=\"alignnone size-full wp-image-25151\" src=\"http:\/\/www.yungayino.cl\/noticias\/wp-content\/uploads\/2021\/10\/ife.jpg\" alt=\"\" width=\"700\" height=\"350\" srcset=\"https:\/\/www.yungayino.cl\/noticias\/wp-content\/uploads\/2021\/10\/ife.jpg 700w, https:\/\/www.yungayino.cl\/noticias\/wp-content\/uploads\/2021\/10\/ife-300x150.jpg 300w\" sizes=\"auto, (max-width: 700px) 100vw, 700px\" \/><\/p>\n<p style=\"text-align: justify;\">\u00d1uble, octubre 2021: Este lunes 4\u00a0 de octubre el Ministerio de Desarrollo Social y Familia\u00a0 dio inicio al pago presencial de los aportes del IFE Universal de septiembre, a trav\u00e9s de sucursales de Banco Estado y Caja de Compensaci\u00f3n Los H\u00e9roes.<\/p>\n<p style=\"text-align: justify;\">As\u00ed lo afirm\u00f3 la seremi de Desarrollo Social y Familia, Doris Osses, quien precis\u00f3 que \u201cel pago de este noveno aporte del IFE Universal, correspondiente a septiembre, llegar\u00e1 a m\u00e1s de 498 mil personas de la regi\u00f3n, es decir, 237.701 hogares de \u00d1uble est\u00e1n recibiendo este apoyo monetario, que es parte del compromiso adquirido por el Gobierno del presidente Sebasti\u00e1n Pi\u00f1era, de seguir haciendo esfuerzos para mantener la protecci\u00f3n de las familias del pa\u00eds y de nuestra regi\u00f3n\u201d, asever\u00f3.<\/p>\n<p style=\"text-align: justify;\">\u201cAdem\u00e1s, queremos recalcar que el IFE Universal se extiende, y esto es muy relevante, ya que las familias recibir\u00e1n el pago de octubre y de noviembre al 100% independiente de que no tengamos un Estado de Excepci\u00f3n Constitucional,\u201d destac\u00f3, tambi\u00e9n, Doris Osses, quien agreg\u00f3 que quienes a\u00fan no hayan solicitado el beneficio podr\u00e1n hacerlo entre el 6 y el 16 de octubre a trav\u00e9s de <strong>www.ingresodeemergencia.cl<\/strong><\/p>\n<p style=\"text-align: justify;\">Entre las comunas con mayor n\u00famero de hogares beneficiados se encuentran la capital regional, Chill\u00e1n, con 81.495; San Carlos, con 25.387 hogares; y Chill\u00e1n Viejo, con 14.985 hogares que reciben el IFE Universal correspondiente a septiembre.<\/p>\n<p style=\"text-align: justify;\">En el pa\u00eds, 8.244.489 hogares y 16.573.918 personas recibir\u00e1n este beneficio, que forma parte de la Red de Protecci\u00f3n Social del Gobierno y que busca apoyar a las familias ante los efectos socioecon\u00f3micos que ha tenido la situaci\u00f3n de emergencia provocada por el Covid-19.<\/p>\n<p style=\"text-align: justify;\">Seg\u00fan datos aportados por la Subsecretar\u00eda de Evaluaci\u00f3n Social, el 51% de los hogares beneficiados con el IFE Universal en septiembre tienen una mujer como jefa del hogar, llegando a m\u00e1s de 4,2 millones de hogares beneficiados con jefatura femenina.<\/p>\n<p style=\"text-align: justify;\">En t\u00e9rminos de monto total desembolsado, el monto total del IFE Universal de septiembre 2021 alcanza $1.173.534 millones, es decir, US $1.584 millones.<\/p>\n","protected":false},"excerpt":{"rendered":"<p>\u00d1uble, octubre 2021: Este lunes 4\u00a0 de octubre el Ministerio de Desarrollo Social y Familia\u00a0 dio inicio al pago presencial de los aportes del IFE Universal de septiembre, a trav\u00e9s de sucursales de Banco&#46;&#46;&#46;<\/p>\n","protected":false},"author":2,"featured_media":25151,"comment_status":"closed","ping_status":"open","sticky":false,"template":"","format":"standard","meta":{"footnotes":""},"categories":[1],"tags":[2471,2508,1115,8,6,117],"class_list":["post-25150","post","type-post","status-publish","format-standard","has-post-thumbnail","hentry","category-noticias","tag-ife","tag-ingreso-familiar-de-emergencia","tag-noticias","tag-yungay","tag-yungayino","tag-yungayinocl"],"_links":{"self":[{"href":"https:\/\/www.yungayino.cl\/noticias\/index.php?rest_route=\/wp\/v2\/posts\/25150","targetHints":{"allow":["GET"]}}],"collection":[{"href":"https:\/\/www.yungayino.cl\/noticias\/index.php?rest_route=\/wp\/v2\/posts"}],"about":[{"href":"https:\/\/www.yungayino.cl\/noticias\/index.php?rest_route=\/wp\/v2\/types\/post"}],"author":[{"embeddable":true,"href":"https:\/\/www.yungayino.cl\/noticias\/index.php?rest_route=\/wp\/v2\/users\/2"}],"replies":[{"embeddable":true,"href":"https:\/\/www.yungayino.cl\/noticias\/index.php?rest_route=%2Fwp%2Fv2%2Fcomments&post=25150"}],"version-history":[{"count":1,"href":"https:\/\/www.yungayino.cl\/noticias\/index.php?rest_route=\/wp\/v2\/posts\/25150\/revisions"}],"predecessor-version":[{"id":25152,"href":"https:\/\/www.yungayino.cl\/noticias\/index.php?rest_route=\/wp\/v2\/posts\/25150\/revisions\/25152"}],"wp:featuredmedia":[{"embeddable":true,"href":"https:\/\/www.yungayino.cl\/noticias\/index.php?rest_route=\/wp\/v2\/media\/25151"}],"wp:attachment":[{"href":"https:\/\/www.yungayino.cl\/noticias\/index.php?rest_route=%2Fwp%2Fv2%2Fmedia&parent=25150"}],"wp:term":[{"taxonomy":"category","embeddable":true,"href":"https:\/\/www.yungayino.cl\/noticias\/index.php?rest_route=%2Fwp%2Fv2%2Fcategories&post=25150"},{"taxonomy":"post_tag","embeddable":true,"href":"https:\/\/www.yungayino.cl\/noticias\/index.php?rest_route=%2Fwp%2Fv2%2Ftags&post=25150"}],"curies":[{"name":"wp","href":"https:\/\/api.w.org\/{rel}","templated":true}]}}