{"id":25164,"date":"2021-10-06T18:00:07","date_gmt":"2021-10-06T21:00:07","guid":{"rendered":"http:\/\/www.yungayino.cl\/noticias\/?p=25164"},"modified":"2021-10-07T18:34:02","modified_gmt":"2021-10-07T21:34:02","slug":"usuarios-y-funcionarios-del-hospital-de-chillan-conocieron-los-avances-del-nuevo-hospital-regional-de-nuble","status":"publish","type":"post","link":"https:\/\/www.yungayino.cl\/noticias\/?p=25164","title":{"rendered":"Usuarios y Funcionarios del Hospital de Chill\u00e1n Conocieron los Avances del Nuevo Hospital Regional de \u00d1uble"},"content":{"rendered":"<p><img loading=\"lazy\" decoding=\"async\" class=\"alignnone size-full wp-image-25165\" src=\"http:\/\/www.yungayino.cl\/noticias\/wp-content\/uploads\/2021\/10\/1.jpg\" alt=\"\" width=\"700\" height=\"350\" srcset=\"https:\/\/www.yungayino.cl\/noticias\/wp-content\/uploads\/2021\/10\/1.jpg 700w, https:\/\/www.yungayino.cl\/noticias\/wp-content\/uploads\/2021\/10\/1-300x150.jpg 300w\" sizes=\"auto, (max-width: 700px) 100vw, 700px\" \/><\/p>\n<p style=\"text-align: justify;\">\u00d1uble, octubre 2021: Pensando en el quehacer actual, pero tambi\u00e9n, en los pr\u00f3ximos desaf\u00edos, la comunidad usuaria y funcionaria recorri\u00f3 las instalaciones del futuro recinto de salud, en el marco del D\u00eda del Hospital.<\/p>\n<p style=\"text-align: justify;\">Con el objetivo de compartir el progreso de las faenas del futuro Hospital Regional, representantes de la comunidad y funcionarios del Hospital Cl\u00ednico Herminda Mart\u00edn (HCHM) recorrieron las obras del establecimiento de salud en construcci\u00f3n.<\/p>\n<p style=\"text-align: justify;\">La visita fue liderada por el Director del Servicio de Salud \u00d1uble, Ricardo S\u00e1nchez, quien explic\u00f3 que \u201cel encuentro se dio en el marco de la conmemoraci\u00f3n del D\u00eda del Hospital, instancia que nos permite reflexionar respecto del quehacer actual de los establecimientos sanitarios, pero tambi\u00e9n, de c\u00f3mo proyectamos la salud p\u00fablica a mediano y largo plazo\u201d.<\/p>\n<p style=\"text-align: justify;\">\u201cEl resultado de esta vistita fue muy positivo, ya que quienes ser\u00e1n usuarios y funcionarios del establecimiento, conocieron en terreno el resultado de nuestro trabajo que d\u00eda a d\u00eda nos permite ir concretando este anhelo de los habitantes de la Regi\u00f3n que, a la fecha, lleva un 23,5% de avance\u201d, a\u00f1adi\u00f3 el directivo.<\/p>\n<p style=\"text-align: justify;\"><strong>\u201cLa Regi\u00f3n tendr\u00e1 un Hospital de lujo\u201d<\/strong><\/p>\n<p style=\"text-align: justify;\">Entre las personas que fueron a la obra estuvo Isbette Jara, matrona del Hospital Cl\u00ednico Herminda Mart\u00edn. La funcionaria expres\u00f3 su conformidad con la visita y con el progreso de las faenas: \u201cEncuentro muy bueno que nos hayan invitado para conocer los avances que tiene la construcci\u00f3n del nuevo Hospital de Chill\u00e1n. Para m\u00ed y para todos los usuarios es importante, porque nos ofrece mayores oportunidades de atenci\u00f3n; es una gran ventaja y nos presentan que hay mayor tecnolog\u00eda y acceso\u201d.<\/p>\n<p style=\"text-align: justify;\">Por su parte Ren\u00e9 Viveros, integrante del Consejo Consultivo del HCHM dio cuenta de su alegr\u00eda por el recorrido: \u201cEstoy impresionado por los avances de la obra, por la cantidad de fierro que uno ve c\u00f3mo est\u00e1n edificando; denota la firmeza y la calidad de la construcci\u00f3n (\u2026) Naturalmente, uno piensa a futuro la gran historia que vamos a tener para los usuarios y para toda la Regi\u00f3n que tendr\u00e1 un hospital de lujo\u201d.<\/p>\n<p style=\"text-align: justify;\">En tanto, Felipe Bustamante, T\u00e9cnico Enfermer\u00eda Nivel Superior (TENS), del HCHM se\u00f1al\u00f3 que \u201c(\u2026) es un gran paso para \u00d1uble tener un hospital de esta envergadura (\u2026), es impresionante, ser\u00e1 algo bueno y nos permitir\u00e1 crecer como regi\u00f3n\u201d.<\/p>\n<p style=\"text-align: justify;\">Actualmente se avanza en la construcci\u00f3n del cuarto piso del Centro de Especialidades y se inician las faenas de la torre A y la Unidad de Emergencia, que estar\u00e1 ubicada en la parte del terreno, cuya entrada es por Rosauro Acu\u00f1a.<\/p>\n<p style=\"text-align: justify;\">En total, ser\u00e1n casi 130 mil metros cuadrados de infraestructura, dotados de moderna tecnolog\u00eda para brindar salud a los 500 mil habitantes del territorio.<\/p>\n","protected":false},"excerpt":{"rendered":"<p>\u00d1uble, octubre 2021: Pensando en el quehacer actual, pero tambi\u00e9n, en los pr\u00f3ximos desaf\u00edos, la comunidad usuaria y funcionaria recorri\u00f3 las instalaciones del futuro recinto de salud, en el marco del D\u00eda del Hospital.&#46;&#46;&#46;<\/p>\n","protected":false},"author":2,"featured_media":25165,"comment_status":"closed","ping_status":"open","sticky":false,"template":"","format":"standard","meta":{"footnotes":""},"categories":[1,1675],"tags":[728,84,1115,1678,8,6,117],"class_list":["post-25164","post","type-post","status-publish","format-standard","has-post-thumbnail","hentry","category-noticias","category-saludc","tag-chillan","tag-hospital","tag-noticias","tag-nuble","tag-yungay","tag-yungayino","tag-yungayinocl"],"_links":{"self":[{"href":"https:\/\/www.yungayino.cl\/noticias\/index.php?rest_route=\/wp\/v2\/posts\/25164","targetHints":{"allow":["GET"]}}],"collection":[{"href":"https:\/\/www.yungayino.cl\/noticias\/index.php?rest_route=\/wp\/v2\/posts"}],"about":[{"href":"https:\/\/www.yungayino.cl\/noticias\/index.php?rest_route=\/wp\/v2\/types\/post"}],"author":[{"embeddable":true,"href":"https:\/\/www.yungayino.cl\/noticias\/index.php?rest_route=\/wp\/v2\/users\/2"}],"replies":[{"embeddable":true,"href":"https:\/\/www.yungayino.cl\/noticias\/index.php?rest_route=%2Fwp%2Fv2%2Fcomments&post=25164"}],"version-history":[{"count":2,"href":"https:\/\/www.yungayino.cl\/noticias\/index.php?rest_route=\/wp\/v2\/posts\/25164\/revisions"}],"predecessor-version":[{"id":25167,"href":"https:\/\/www.yungayino.cl\/noticias\/index.php?rest_route=\/wp\/v2\/posts\/25164\/revisions\/25167"}],"wp:featuredmedia":[{"embeddable":true,"href":"https:\/\/www.yungayino.cl\/noticias\/index.php?rest_route=\/wp\/v2\/media\/25165"}],"wp:attachment":[{"href":"https:\/\/www.yungayino.cl\/noticias\/index.php?rest_route=%2Fwp%2Fv2%2Fmedia&parent=25164"}],"wp:term":[{"taxonomy":"category","embeddable":true,"href":"https:\/\/www.yungayino.cl\/noticias\/index.php?rest_route=%2Fwp%2Fv2%2Fcategories&post=25164"},{"taxonomy":"post_tag","embeddable":true,"href":"https:\/\/www.yungayino.cl\/noticias\/index.php?rest_route=%2Fwp%2Fv2%2Ftags&post=25164"}],"curies":[{"name":"wp","href":"https:\/\/api.w.org\/{rel}","templated":true}]}}