{"id":25168,"date":"2021-10-07T17:00:10","date_gmt":"2021-10-07T20:00:10","guid":{"rendered":"http:\/\/www.yungayino.cl\/noticias\/?p=25168"},"modified":"2021-10-07T18:35:39","modified_gmt":"2021-10-07T21:35:39","slug":"autoridades-de-nuble-detallaron-nueva-ley-de-monitoreo-telematico-para-formalizados-por-violencia-intrafamiliar","status":"publish","type":"post","link":"https:\/\/www.yungayino.cl\/noticias\/?p=25168","title":{"rendered":"Autoridades de \u00d1uble Detallaron Nueva Ley de Monitoreo Telem\u00e1tico Para Formalizados por Violencia Intrafamiliar"},"content":{"rendered":"<p><img loading=\"lazy\" decoding=\"async\" class=\"alignnone size-full wp-image-25169\" src=\"http:\/\/www.yungayino.cl\/noticias\/wp-content\/uploads\/2021\/10\/Ley-Monitoreo-Telematico.jpg\" alt=\"\" width=\"700\" height=\"350\" srcset=\"https:\/\/www.yungayino.cl\/noticias\/wp-content\/uploads\/2021\/10\/Ley-Monitoreo-Telematico.jpg 700w, https:\/\/www.yungayino.cl\/noticias\/wp-content\/uploads\/2021\/10\/Ley-Monitoreo-Telematico-300x150.jpg 300w\" sizes=\"auto, (max-width: 700px) 100vw, 700px\" \/><\/p>\n<p style=\"text-align: justify;\">\u00d1uble, octubre 2021: Fue en el Centro de la Mujer de Chill\u00e1n, donde este martes el Delegado Presidencial de \u00d1uble, Crist\u00f3bal Jardua, junto a las Seremis de Justicia y DDHH, Jacqueline Gu\u00ed\u00f1ez, y de la Mujer y la Equidad de G\u00e9nero, B\u00e1rbara Hennig, en compa\u00f1\u00eda de la Directora Regional de SernamEG, Viviana C\u00e1ceres y de funcionarias de Carabineros de Chile, dieron a conocer detalles de la nueva Ley de Monitoreo Telem\u00e1tico publicada este lunes 4 de octubre en el Diario Oficial.<\/p>\n<p style=\"text-align: justify;\">La nueva legislaci\u00f3n permitir\u00e1 el uso tobilleras electr\u00f3nicas en quienes sean formalizados por violencia intrafamiliar y tengan prohibici\u00f3n de acercarse a la v\u00edctima, as\u00ed como lo autorizar\u00e1 en determinadas causas que lleven los Tribunales de Familia. Las primeras tobilleras se estar\u00e1n utilizando dentro de seis meses en los Tribunales de Familia, y luego, dentro de diez meses m\u00e1s, en los Juzgados de Garant\u00eda.<\/p>\n<p style=\"text-align: justify;\">Cabe precisar que, en la legislaci\u00f3n que reg\u00eda hasta hoy, el uso de tobilleras electr\u00f3nicas se aplicaba s\u00f3lo en las personas que eran condenadas por diversos delitos, pero no se pod\u00edan utilizar mientras los agresores intrafamiliares estaban imputados, impidiendo hacer efectiva la medida cautelar de prohibici\u00f3n de acercarse a la v\u00edctima durante la fase investigativa.<\/p>\n<p style=\"text-align: justify;\">El delegado Presidencial Crist\u00f3bal Jardua coment\u00f3 que \u00abhemos dado un paso trascendental para erradicar la violencia, implementando la tobillera electr\u00f3nica para agresores formalizados, que es un hito bastante relevante, ya que se ocupa tanto en sede Penal como en Familia para personas reci\u00e9n formalizadas. Una sanci\u00f3n que antiguamente se utilizaba para personas condenadas lo que obviamente nos va a permitir prevenir la violencia contra las mujeres y entregarles a ellas mayor protecci\u00f3n y seguridad\u00bb. Agreg\u00f3 que \u00abestas tobilleras electr\u00f3nicas van a contribuir a que las medidas cautelares de alejamiento dictadas por los Tribunales de Justicia se cumplan de manera efectiva, ya que inhibir\u00e1n a los agresores de incumplir dichas medidas y al mismo tiempo alertar\u00e1n a las autoridades ante un eventual incumplimiento. Estamos muy contentos de avanzar en esta materia, d\u00e1ndole mayor resguardo a todas las familias y a las mujeres de nuestra Regi\u00f3n de \u00d1uble\u00bb.<\/p>\n<p style=\"text-align: justify;\">Sobre la nueva ley, la Secretaria Regional de Justicia y DD. HH, Jacqueline Gu\u00ed\u00f1ez, explic\u00f3 que \u201clo m\u00e1s importante es que esta es una normativa que se puede establecer en la formalizaci\u00f3n. No necesariamente cuando las personas son condenadas que es lo que se usa m\u00e1s en este pa\u00eds. Una de las cosas significativas ac\u00e1 es que se puede usar en dos sedes, tanto en sede familia que es novedoso porque en realidad las medidas cautelares de no acercamiento es una de las que se usa en sede familia, pero no se hab\u00eda aplicado nunca una soluci\u00f3n sancionatoria de este tipo y esto va entrar en vigencia seis meses posteriores a la promulgaci\u00f3n de la ley y en sede penal que es que va estar en vigencia 14 meses en esa regi\u00f3n. En concreto, esta nueva ley permitir\u00e1 que, cuando se produzca el acercamiento, se genere un aviso inmediato a la v\u00edctima en un dispositivo m\u00f3vil, y simult\u00e1neamente, se produzca un aviso a la polic\u00eda, para que puedan acudir r\u00e1pidamente al lugar, resguardando a la v\u00edctima\u201d.<\/p>\n<p style=\"text-align: justify;\">Por su parte, la Seremi de la Mujer y Equidad de G\u00e9nero, B\u00e1rbara Hennig, destac\u00f3 que \u00absin duda que, con la publicaci\u00f3n de esta ley en el Diario Oficial, estamos dando un paso fundamental para avanzar en la erradicaci\u00f3n de la violencia de g\u00e9nero, y lo hemos logrado con el apoyo transversal de los parlamentarios y parlamentarias a quienes agradecemos profundamente. Este paso, marca un antes y un despu\u00e9s, ya que mediante la tecnolog\u00eda los agresores que son un peligro para las v\u00edctimas, podr\u00e1n ser monitoreados en tiempo real, las 24 horas del d\u00eda, lo que nos permitir\u00e1 prevenir nuevas agresiones y al mismo tiempo entregarles mayor protecci\u00f3n y seguridad a nuestras mujeres que han sufrido violencia. Es a ellas que les queremos decir que nos est\u00e1s solas\u00bb, subray\u00f3.<\/p>\n","protected":false},"excerpt":{"rendered":"<p>\u00d1uble, octubre 2021: Fue en el Centro de la Mujer de Chill\u00e1n, donde este martes el Delegado Presidencial de \u00d1uble, Crist\u00f3bal Jardua, junto a las Seremis de Justicia y DDHH, Jacqueline Gu\u00ed\u00f1ez, y de&#46;&#46;&#46;<\/p>\n","protected":false},"author":2,"featured_media":25169,"comment_status":"closed","ping_status":"open","sticky":false,"template":"","format":"standard","meta":{"footnotes":""},"categories":[1],"tags":[1115,1678,2537,8,6,117],"class_list":["post-25168","post","type-post","status-publish","format-standard","has-post-thumbnail","hentry","category-noticias","tag-noticias","tag-nuble","tag-violencia-intrafamiliar","tag-yungay","tag-yungayino","tag-yungayinocl"],"_links":{"self":[{"href":"https:\/\/www.yungayino.cl\/noticias\/index.php?rest_route=\/wp\/v2\/posts\/25168","targetHints":{"allow":["GET"]}}],"collection":[{"href":"https:\/\/www.yungayino.cl\/noticias\/index.php?rest_route=\/wp\/v2\/posts"}],"about":[{"href":"https:\/\/www.yungayino.cl\/noticias\/index.php?rest_route=\/wp\/v2\/types\/post"}],"author":[{"embeddable":true,"href":"https:\/\/www.yungayino.cl\/noticias\/index.php?rest_route=\/wp\/v2\/users\/2"}],"replies":[{"embeddable":true,"href":"https:\/\/www.yungayino.cl\/noticias\/index.php?rest_route=%2Fwp%2Fv2%2Fcomments&post=25168"}],"version-history":[{"count":1,"href":"https:\/\/www.yungayino.cl\/noticias\/index.php?rest_route=\/wp\/v2\/posts\/25168\/revisions"}],"predecessor-version":[{"id":25170,"href":"https:\/\/www.yungayino.cl\/noticias\/index.php?rest_route=\/wp\/v2\/posts\/25168\/revisions\/25170"}],"wp:featuredmedia":[{"embeddable":true,"href":"https:\/\/www.yungayino.cl\/noticias\/index.php?rest_route=\/wp\/v2\/media\/25169"}],"wp:attachment":[{"href":"https:\/\/www.yungayino.cl\/noticias\/index.php?rest_route=%2Fwp%2Fv2%2Fmedia&parent=25168"}],"wp:term":[{"taxonomy":"category","embeddable":true,"href":"https:\/\/www.yungayino.cl\/noticias\/index.php?rest_route=%2Fwp%2Fv2%2Fcategories&post=25168"},{"taxonomy":"post_tag","embeddable":true,"href":"https:\/\/www.yungayino.cl\/noticias\/index.php?rest_route=%2Fwp%2Fv2%2Ftags&post=25168"}],"curies":[{"name":"wp","href":"https:\/\/api.w.org\/{rel}","templated":true}]}}