{"id":25174,"date":"2021-10-09T07:00:31","date_gmt":"2021-10-09T10:00:31","guid":{"rendered":"http:\/\/www.yungayino.cl\/noticias\/?p=25174"},"modified":"2021-10-07T18:38:42","modified_gmt":"2021-10-07T21:38:42","slug":"veinticinco-propuestas-compiten-para-disenar-el-futuro-museo-regional-de-nuble","status":"publish","type":"post","link":"https:\/\/www.yungayino.cl\/noticias\/?p=25174","title":{"rendered":"Veinticinco Propuestas Compiten Para Dise\u00f1ar el Futuro Museo Regional de \u00d1uble"},"content":{"rendered":"<p><img loading=\"lazy\" decoding=\"async\" class=\"alignnone size-full wp-image-25175\" src=\"http:\/\/www.yungayino.cl\/noticias\/wp-content\/uploads\/2021\/10\/Museo-Regional-Nuble.jpg\" alt=\"\" width=\"700\" height=\"350\" srcset=\"https:\/\/www.yungayino.cl\/noticias\/wp-content\/uploads\/2021\/10\/Museo-Regional-Nuble.jpg 700w, https:\/\/www.yungayino.cl\/noticias\/wp-content\/uploads\/2021\/10\/Museo-Regional-Nuble-300x150.jpg 300w\" sizes=\"auto, (max-width: 700px) 100vw, 700px\" \/><\/p>\n<p style=\"text-align: justify;\">\u00d1uble, octubre 2021: El pr\u00f3ximo 12 de octubre comenzar\u00e1 a sesionar el jurado del concurso de anteproyectos de arquitectura que seleccionar\u00e1 al equipo que dise\u00f1ar\u00e1 esta infraestructura cultural que se habilitar\u00e1 en las ex bodegas de la Estaci\u00f3n de Ferrocarriles de Chill\u00e1n.<\/p>\n<p style=\"text-align: justify;\">Un total de 25 oficinas de arquitectura y arquitectos independientes entregaron propuestas para adjudicarse el dise\u00f1o del futuro Museo Regional de \u00d1uble, infraestructura de cerca de 6 mil metros cuadrados que se habilitar\u00e1 en las ex bodegas de la Estaci\u00f3n de Ferrocarriles de Chill\u00e1n, en el marco del concurso de anteproyectos mandatado por el Ministerio de las Culturas, las Artes y el Patrimonio a la Direcci\u00f3n de Arquitectura del Ministerio de Obras P\u00fablicas.<\/p>\n<p style=\"text-align: justify;\">\u201cEstamos tremendamente contentos de ver c\u00f3mo este sue\u00f1o, que se inici\u00f3 mucho antes de que fu\u00e9ramos regi\u00f3n, va tomando forma. Estamos ad portas de la evaluaci\u00f3n de los proyectos, a cargo de un jurado compuesto por destacados profesionales del \u00e1rea, tanto regionales como nacionales, y de grandes oficinas de arquitecturas que han presentado sus propuestas. Para nosotros todo este proceso es de suma importancia, ya que estamos \u2013de alguna manera- construyendo el patrimonio futuro de la Regi\u00f3n de \u00d1uble, que es algo que estamos realizando de manera conjunta, independiente de que el museo est\u00e9 ubicado en la capital regional, ya que tendr\u00e1 la impronta y caracter\u00edsticas de las 21 comunas que componen \u00d1uble\u201d, se\u00f1al\u00f3 Mar\u00eda Soledad Castro, seremi de las Culturas, las Artes y el Patrimonio de la regi\u00f3n.<\/p>\n<p style=\"text-align: justify;\">El pr\u00f3ximo 12 de octubre en el Teatro Municipal de Chill\u00e1n se constituir\u00e1 el jurado que analizar\u00e1 en detalle cada presentaci\u00f3n y tendr\u00e1 un plazo de tres d\u00edas para definir al ganador del concurso, que recibir\u00e1 un premio de 25 millones de pesos. La propuesta elegida se adjudicar\u00e1 el desarrollo de la consultor\u00eda de dise\u00f1o, para la que se contempla un plazo de 490 d\u00edas.<\/p>\n<p style=\"text-align: justify;\">\u201cEstamos dando un paso fundamental en el camino hacia un nuevo Museo Regional para \u00d1uble, un proyecto muy anhelado localmente, que recupera antiguas estructuras ferroviarias, se inserta en un nuevo parque p\u00fablico, y que permitir\u00e1 a esta joven regi\u00f3n dar cuenta de su rica identidad y contar con un nuevo espacio de encuentro. \u00d1uble nace con la convicci\u00f3n de que la cultura y el patrimonio sean puntas de lanza de su desarrollo, y eso es lo que se est\u00e1 materializando en este proyecto, que realizamos bajo concurso p\u00fablico para seleccionar el mejor proyecto posible, que incorpore rasgos propios de la zona y construya patrimonio futuro\u201d, manifest\u00f3 Emilio De la Cerda, Subsecretario del Patrimonio Cultural.<\/p>\n<p style=\"text-align: justify;\">Junto con aportar a la identidad y al patrimonio regional, el Museo Regional de \u00d1uble tiene como objetivo contribuir a la renovaci\u00f3n urbana de Chill\u00e1n y en particular del sector de Ultraestaci\u00f3n, cuyas edificaciones industriales, propias de la arquitectura moderna, son representativas de la reconstrucci\u00f3n de la ciudad tras el terremoto de 1939. De hecho, el museo ser\u00e1 el eje e infraestructura principal del futuro Parque Intercomunal Ultraestaci\u00f3n, actualmente en etapa de dise\u00f1o por parte del Ministerio de Vivienda y Urbanismo.<\/p>\n<p style=\"text-align: justify;\">\u201cNos interesa que el museo regional sea un gran aporte urbano para Chill\u00e1n, que se convierta en un hito que complete el eje c\u00edvico que como MOP pretendemos desarrollar en la avenida Libertad desde la Plaza de Armas hasta el Parque Ultraestaci\u00f3n\u201d, coment\u00f3 Ra\u00fal Irarr\u00e1zabal, Director Nacional de Arquitectura.<\/p>\n<p style=\"text-align: justify;\">Con una superficie total de 5.827 metros cuadrados, el proyecto del Museo Regional de \u00d1uble contempla la habilitaci\u00f3n de \u00e1reas de acceso al p\u00fablico como salas de exposici\u00f3n permanente e itinerantes, hall de acceso, auditorio, tienda y cafeter\u00eda, talleres, adem\u00e1s de \u00e1reas de acceso restringido como dep\u00f3sitos de colecci\u00f3n permanente e itinerante, laboratorios, oficinas administrativas, entre otros.<\/p>\n<p style=\"text-align: justify;\">El jurado del concurso ser\u00e1 presidido por Ra\u00fal Irarr\u00e1zabal, Director Nacional de Arquitectura, y estar\u00e1 integrado por Carlos Maillet, Director del Servicio Nacional del Patrimonio Cultural; Celso Monsalve, representante del Colegio de Arquitectos; y por cuatro representantes de la Direcci\u00f3n de Arquitectura del MOP. En calidad de asesores del jurado participan el Subsecretario de Patrimonio Cultural; un Asesor T\u00e9cnico Servicio Nacional del Patrimonio Cultural; un Asesor Urbano; un experto local; la Seremi de las Culturas y el Seremi Minvu; y un representante de la Asociaci\u00f3n de Oficinas de Arquitectura (AOA).<\/p>\n","protected":false},"excerpt":{"rendered":"<p>\u00d1uble, octubre 2021: El pr\u00f3ximo 12 de octubre comenzar\u00e1 a sesionar el jurado del concurso de anteproyectos de arquitectura que seleccionar\u00e1 al equipo que dise\u00f1ar\u00e1 esta infraestructura cultural que se habilitar\u00e1 en las ex&#46;&#46;&#46;<\/p>\n","protected":false},"author":2,"featured_media":25175,"comment_status":"closed","ping_status":"open","sticky":false,"template":"","format":"standard","meta":{"footnotes":""},"categories":[1],"tags":[2539,1115,1678,8,6,117],"class_list":["post-25174","post","type-post","status-publish","format-standard","has-post-thumbnail","hentry","category-noticias","tag-museo","tag-noticias","tag-nuble","tag-yungay","tag-yungayino","tag-yungayinocl"],"_links":{"self":[{"href":"https:\/\/www.yungayino.cl\/noticias\/index.php?rest_route=\/wp\/v2\/posts\/25174","targetHints":{"allow":["GET"]}}],"collection":[{"href":"https:\/\/www.yungayino.cl\/noticias\/index.php?rest_route=\/wp\/v2\/posts"}],"about":[{"href":"https:\/\/www.yungayino.cl\/noticias\/index.php?rest_route=\/wp\/v2\/types\/post"}],"author":[{"embeddable":true,"href":"https:\/\/www.yungayino.cl\/noticias\/index.php?rest_route=\/wp\/v2\/users\/2"}],"replies":[{"embeddable":true,"href":"https:\/\/www.yungayino.cl\/noticias\/index.php?rest_route=%2Fwp%2Fv2%2Fcomments&post=25174"}],"version-history":[{"count":1,"href":"https:\/\/www.yungayino.cl\/noticias\/index.php?rest_route=\/wp\/v2\/posts\/25174\/revisions"}],"predecessor-version":[{"id":25176,"href":"https:\/\/www.yungayino.cl\/noticias\/index.php?rest_route=\/wp\/v2\/posts\/25174\/revisions\/25176"}],"wp:featuredmedia":[{"embeddable":true,"href":"https:\/\/www.yungayino.cl\/noticias\/index.php?rest_route=\/wp\/v2\/media\/25175"}],"wp:attachment":[{"href":"https:\/\/www.yungayino.cl\/noticias\/index.php?rest_route=%2Fwp%2Fv2%2Fmedia&parent=25174"}],"wp:term":[{"taxonomy":"category","embeddable":true,"href":"https:\/\/www.yungayino.cl\/noticias\/index.php?rest_route=%2Fwp%2Fv2%2Fcategories&post=25174"},{"taxonomy":"post_tag","embeddable":true,"href":"https:\/\/www.yungayino.cl\/noticias\/index.php?rest_route=%2Fwp%2Fv2%2Ftags&post=25174"}],"curies":[{"name":"wp","href":"https:\/\/api.w.org\/{rel}","templated":true}]}}