{"id":25180,"date":"2021-10-11T19:00:27","date_gmt":"2021-10-11T22:00:27","guid":{"rendered":"http:\/\/www.yungayino.cl\/noticias\/?p=25180"},"modified":"2021-10-12T19:07:35","modified_gmt":"2021-10-12T22:07:35","slug":"activan-segunda-feria-virtual-para-nuble-con-mas-de-8-000-ofertas-laborales","status":"publish","type":"post","link":"https:\/\/www.yungayino.cl\/noticias\/?p=25180","title":{"rendered":"Activan Segunda Feria Virtual Para \u00d1uble con M\u00e1s de 8.000 Ofertas Laborales"},"content":{"rendered":"<p><img loading=\"lazy\" decoding=\"async\" class=\"alignnone size-full wp-image-25181\" src=\"http:\/\/www.yungayino.cl\/noticias\/wp-content\/uploads\/2021\/10\/feria-laboral.jpg\" alt=\"\" width=\"700\" height=\"350\" srcset=\"https:\/\/www.yungayino.cl\/noticias\/wp-content\/uploads\/2021\/10\/feria-laboral.jpg 700w, https:\/\/www.yungayino.cl\/noticias\/wp-content\/uploads\/2021\/10\/feria-laboral-300x150.jpg 300w\" sizes=\"auto, (max-width: 700px) 100vw, 700px\" \/><\/p>\n<p style=\"text-align: justify;\">\u00d1uble, octubre 2021: A trav\u00e9s de los portales del Sence y la BNE los interesados podr\u00e1n acceder a las propuestas de una treintena de empresas con presencia local.<\/p>\n<p style=\"text-align: justify;\"><strong>Entre el lunes 12 y el jueves 15 de octubre<\/strong>, estar\u00e1 abierta la segunda Feria Laboral Virtual \u00d1uble, del Servicio Nacional de Capacitaci\u00f3n y Empleo (Sence). En esta nueva versi\u00f3n -la primera se llev\u00f3 a cabo en septiembre- se ofrecer\u00e1n m\u00e1s de 8.000 puestos de trabajo en variados rubros.<\/p>\n<p style=\"text-align: justify;\">A trav\u00e9s de los portales del Sence y la Bolsa Nacional de Empleo (BNE), <strong><a href=\"http:\/\/www.sence.cl\">www.sence.cl<\/a><\/strong> y <strong><a href=\"http:\/\/www.bne.cl\">www.bne.cl<\/a><\/strong>, respectivamente, los interesados podr\u00e1n acceder a las propuestas de una treintena de empresas con presencia local. Para ello, es requisito contar con una cuenta -gratuita- y el curr\u00edculum vitae actualizado en la propia BNE.<\/p>\n<p style=\"text-align: justify;\">\u201cEsperamos que quienes se encuentran en b\u00fasqueda de un empleo en nuestra regi\u00f3n ingresen a esta feria virtual, revisen las ofertas que hay y env\u00eden su curr\u00edculum, porque estamos hablando de una cantidad importante de posibilidades. Este tipo de instancias son fundamentales para conectar la demanda con la oferta laboral actual, y por ello el llamado es a aprovechar estos d\u00edas en que permanecer\u00e1 la feria en la web\u201d, se\u00f1al\u00f3 el seremi (s) del Trabajo y Previsi\u00f3n Social de \u00d1uble, Edmundo Novoa.<\/p>\n<p style=\"text-align: justify;\">Asimismo, Novoa explic\u00f3 que desde el 1 de agosto de este a\u00f1o \u201clas personas que ingresen a un nuevo puesto de trabajo formal pueden postular al IFE Laboral, con complementos de hasta $250 mil. Por lo tanto, un trabajador que logra encontrar trabajo en esta feria virtual y a ello le suma el subsidio, tendr\u00e1 una remuneraci\u00f3n mensual superior a $500 mil, con seguridad social y sin descuentos para aquel complemento\u201d.<\/p>\n<p style=\"text-align: justify;\">Desde la Direcci\u00f3n Regional del Sence, Jos\u00e9 Luis Mart\u00ednez, destac\u00f3 el esfuerzo que se ha hecho en coordinaci\u00f3n con las oficinas municipales de intermediaci\u00f3n laboral, divisiones claves para acercar la oferta laboral de las comunas del territorio.<\/p>\n<p style=\"text-align: justify;\">Las empresas que est\u00e1n presentes en la segunda Feria Laboral Virtual \u00d1uble pertenecen, principalmente, a la agroindustria, servicios forestales, constructoras, restaurantes, \u00e1rea de la salud, industria, seguridad, servicios, entre otras.<\/p>\n<p style=\"text-align: justify;\">En tanto, dentro de las vacantes se cuentan, entre otros, cosecheros, operarios de producci\u00f3n, operarios de packing, control de calidad, digitadores, supervisores, soldadores, brigadistas, cocineros, garzones, mec\u00e1nicos, t\u00e9cnicos inform\u00e1ticos, vendedores, prevencionistas de riesgos.<\/p>\n","protected":false},"excerpt":{"rendered":"<p>\u00d1uble, octubre 2021: A trav\u00e9s de los portales del Sence y la BNE los interesados podr\u00e1n acceder a las propuestas de una treintena de empresas con presencia local. Entre el lunes 12 y el&#46;&#46;&#46;<\/p>\n","protected":false},"author":2,"featured_media":25181,"comment_status":"closed","ping_status":"open","sticky":false,"template":"","format":"standard","meta":{"footnotes":""},"categories":[1],"tags":[1179,1115,1602,8,6,117],"class_list":["post-25180","post","type-post","status-publish","format-standard","has-post-thumbnail","hentry","category-noticias","tag-feria-laboral","tag-noticias","tag-sence","tag-yungay","tag-yungayino","tag-yungayinocl"],"_links":{"self":[{"href":"https:\/\/www.yungayino.cl\/noticias\/index.php?rest_route=\/wp\/v2\/posts\/25180","targetHints":{"allow":["GET"]}}],"collection":[{"href":"https:\/\/www.yungayino.cl\/noticias\/index.php?rest_route=\/wp\/v2\/posts"}],"about":[{"href":"https:\/\/www.yungayino.cl\/noticias\/index.php?rest_route=\/wp\/v2\/types\/post"}],"author":[{"embeddable":true,"href":"https:\/\/www.yungayino.cl\/noticias\/index.php?rest_route=\/wp\/v2\/users\/2"}],"replies":[{"embeddable":true,"href":"https:\/\/www.yungayino.cl\/noticias\/index.php?rest_route=%2Fwp%2Fv2%2Fcomments&post=25180"}],"version-history":[{"count":1,"href":"https:\/\/www.yungayino.cl\/noticias\/index.php?rest_route=\/wp\/v2\/posts\/25180\/revisions"}],"predecessor-version":[{"id":25182,"href":"https:\/\/www.yungayino.cl\/noticias\/index.php?rest_route=\/wp\/v2\/posts\/25180\/revisions\/25182"}],"wp:featuredmedia":[{"embeddable":true,"href":"https:\/\/www.yungayino.cl\/noticias\/index.php?rest_route=\/wp\/v2\/media\/25181"}],"wp:attachment":[{"href":"https:\/\/www.yungayino.cl\/noticias\/index.php?rest_route=%2Fwp%2Fv2%2Fmedia&parent=25180"}],"wp:term":[{"taxonomy":"category","embeddable":true,"href":"https:\/\/www.yungayino.cl\/noticias\/index.php?rest_route=%2Fwp%2Fv2%2Fcategories&post=25180"},{"taxonomy":"post_tag","embeddable":true,"href":"https:\/\/www.yungayino.cl\/noticias\/index.php?rest_route=%2Fwp%2Fv2%2Ftags&post=25180"}],"curies":[{"name":"wp","href":"https:\/\/api.w.org\/{rel}","templated":true}]}}