{"id":25183,"date":"2021-10-12T18:00:43","date_gmt":"2021-10-12T21:00:43","guid":{"rendered":"http:\/\/www.yungayino.cl\/noticias\/?p=25183"},"modified":"2021-10-12T19:09:37","modified_gmt":"2021-10-12T22:09:37","slug":"comenzo-deliberacion-para-elegir-equipo-que-disenara-el-museo-regional-de-nuble","status":"publish","type":"post","link":"https:\/\/www.yungayino.cl\/noticias\/?p=25183","title":{"rendered":"Comenz\u00f3 Deliberaci\u00f3n Para Elegir Equipo que Dise\u00f1ar\u00e1 el Museo Regional de \u00d1uble"},"content":{"rendered":"<p><img loading=\"lazy\" decoding=\"async\" class=\"alignnone size-full wp-image-25184\" src=\"http:\/\/www.yungayino.cl\/noticias\/wp-content\/uploads\/2021\/10\/museo.jpg\" alt=\"\" width=\"700\" height=\"350\" srcset=\"https:\/\/www.yungayino.cl\/noticias\/wp-content\/uploads\/2021\/10\/museo.jpg 700w, https:\/\/www.yungayino.cl\/noticias\/wp-content\/uploads\/2021\/10\/museo-300x150.jpg 300w\" sizes=\"auto, (max-width: 700px) 100vw, 700px\" \/><\/p>\n<p>\u00d1uble, octubre 2021: Hoy martes alrededor de las 11:00 horas se reunieron por primera vez jurados y asesores de este in\u00e9dito certamen que busca elegir a qui\u00e9n se adjudicar\u00e1 el dise\u00f1o de construcci\u00f3n de este importante hito patrimonial y arquitect\u00f3nico.<\/p>\n<p>25 oficinas de arquitectura y arquitectos independientes se presentaron para competir por el proyecto que se habilitar\u00e1 en la ex Maestranza de la Estaci\u00f3n de Ferrocarriles de Chill\u00e1n.<\/p>\n<p>Se dio inicio a la Ceremonia de Jura para el Concurso de Arquitectura para el Museo Regional de \u00d1uble, que tuvo lugar en el Teatro Municipal de Chill\u00e1n. All\u00ed, jurados y asesores se constituyeron para programar los tres d\u00edas de deliberaci\u00f3n en que estudiar\u00e1n los 25 proyectos presentados, en el marco del concurso de anteproyecto mandatado por el Ministerio de las Culturas, las Artes y el Patrimonio a la Direcci\u00f3n de Arquitectura del Ministerio de Obras P\u00fablicas.<\/p>\n<p>\u201cEstamos ciertamente en un momento hist\u00f3rico, cuando ya hemos dado inicio a la jura del Museo Regional de \u00d1uble. Estamos muy contentos porque creo que tanto jurados como asesores vamos a ser un complemento important\u00edsimo a la hora de escoger el proyecto ganador. En estos d\u00edas de conversaciones tambi\u00e9n va a ser importante relevar el patrimonio que tiene la Regi\u00f3n de \u00d1uble en su totalidad\u201d, destac\u00f3 Mar\u00eda Soledad Castro, Seremi de las Culturas, las Artes y el Patrimonio de \u00d1uble.<\/p>\n<p>Jurados y asesores analizar\u00e1n durante tres d\u00edas y en detalle cada presentaci\u00f3n para definir al ganador de este certamen in\u00e9dito y emblem\u00e1tico para la regi\u00f3n. La propuesta elegida se adjudicar\u00e1 el desarrollo de la consultor\u00eda de dise\u00f1o -que se contempla un plazo de 490 d\u00edas- y que estar\u00e1 emplazada en las bodegas de la ex Maestranza de la Estaci\u00f3n de Ferrocarriles de Chill\u00e1n, infraestructura que contempla alrededor de 6 mil metros cuadrados. Asimismo el equipo ganador recibir\u00e1 un premio de 25 millones de pesos.<\/p>\n<p>\u201c\u00c9ste es un d\u00eda muy alegre porque despu\u00e9s de varios a\u00f1os de trabajo, de mucha gente e instituciones involucradas, se est\u00e1 dando este paso fundamental para la concreci\u00f3n del Museo Regional. Tenemos 25 proyectos que cumplen con las bases y que presentan diferentes estrategias para recuperar estas estructuras. Nosotros hemos hecho un esfuerzo grande, y cuando digo nosotros me refiero a todos los actores involucrados en recuperar estas estructuras que son parte de la memoria ferroviaria de Chile y espec\u00edficamente de la Regi\u00f3n de \u00d1uble y de Chill\u00e1n\u201d, se\u00f1al\u00f3 el Subsecretario del Patrimonio Cultural, Emilio De la Cerda.<\/p>\n<p>Junto con aportar a la identidad y al patrimonio regional, el futuro Museo Regional de \u00d1uble busca contribuir a la renovaci\u00f3n urbana de Chill\u00e1n y en particular del sector de Ultraestaci\u00f3n, cuyas edificaciones industriales, propias de la arquitectura moderna, son representativas de la reconstrucci\u00f3n de la ciudad tras el terremoto de 1939. La iniciativa estar\u00e1 inserta en el futuro Parque Intercomunal Ultraestaci\u00f3n de Chill\u00e1n, el cual se encuentra en etapa de dise\u00f1o por parte del Ministerio de Vivienda y Urbanismo. Asimismo contempla el rescate de unas edificaciones industriales en desuso pertenecientes a la ex Maestranza de Ferrocarriles de Chill\u00e1n.<\/p>\n<p>\u201cReci\u00e9n estamos partiendo, revisando los proyectos. Hoy visitamos el terreno para entender bien todas las cualidades, implicancias y el contexto del lugar. Ahora bien, yo dir\u00eda que lo m\u00e1s relevante ac\u00e1 es que esto es un proceso abierto, transparente, con mucha participaci\u00f3n; en primer lugar de los arquitectos, pero tambi\u00e9n es p\u00fablico. Hay una competencia sana y todo con el fin de generar el mejor dise\u00f1o para el Museo Regional de \u00d1uble\u201d, agreg\u00f3 Ra\u00fal Irarr\u00e1zaval, director Nacional de Arquitectura.<\/p>\n<p>Con una superficie total de 5.827 metros cuadrados, el proyecto del Museo Regional de \u00d1uble contempla la habilitaci\u00f3n de \u00e1reas de acceso al p\u00fablico como salas de exposici\u00f3n permanente e itinerantes, hall de acceso, auditorio, tienda y cafeter\u00eda, talleres, adem\u00e1s de \u00e1reas de acceso restringido como dep\u00f3sitos de colecci\u00f3n permanente e itinerante, laboratorios, oficinas administrativas, entre otros.<\/p>\n<p>\u201cPrimero quiero agradecer al Subsecretario del Patrimonio y a quienes componen el jurado, adem\u00e1s de quienes han participado con sus proyectos para construir nuestro Museo Regional. Esto es de gran importancia para nosotros como \u00f1ublensinos, ya que el Museo Regional viene a pagar una deuda hist\u00f3rica que tenemos con nuestros antepasados, porque \u00d1uble se caracteriza por ser una cuna de h\u00e9roes y artistas, y este tremendo proyecto rescatar\u00e1 ese patrimonio e incentivar\u00e1 a que m\u00e1s j\u00f3venes de \u00d1uble sigan los pasos de Claudio Arrau, Ram\u00f3n Vinay, Virginio Arias y tantos otros artistas que esta tierra ha dado al pa\u00eds\u201d, agreg\u00f3 Crist\u00f3bal Jardua, Delegado Regional Presidencial.<\/p>\n<p>Este avance se realiza en el marco del Plan Nacional de Infraestructura Patrimonial impulsado por el Ministerio de las Culturas junto a otros servicios p\u00fablicos (MOP, BB.NN, Subdere) el que busca avanzar en la dotaci\u00f3n equitativa en las diferentes regiones del pa\u00eds de infraestructura p\u00fablica patrimonial y cultural en atenci\u00f3n a su rol clave en el desarrollo integral de la sociedad y de las ciudades que habitamos.<\/p>\n<p>El jurado del concurso est\u00e1 presidido por Ra\u00fal Irarr\u00e1zabal, Director Nacional de Arquitectura, y est\u00e1 integrado por Carlos Maillet, Director del Servicio Nacional del Patrimonio Cultural; Celso Monsalve, representante del Colegio de Arquitectos; Cristian Izquierdo, representante de los concursantes; y por cuatro representantes de la Direcci\u00f3n de Arquitectura del MOP. En calidad de asesores del jurado participan el Subsecretario de Patrimonio Cultural; un Asesor T\u00e9cnico Servicio Nacional del Patrimonio Cultural; un Asesor Urbano; un experto local; la Seremi de las Culturas y el Seremi Minvu; y un representante de la Asociaci\u00f3n de Oficinas de Arquitectura (AOA).<\/p>\n","protected":false},"excerpt":{"rendered":"<p>\u00d1uble, octubre 2021: Hoy martes alrededor de las 11:00 horas se reunieron por primera vez jurados y asesores de este in\u00e9dito certamen que busca elegir a qui\u00e9n se adjudicar\u00e1 el dise\u00f1o de construcci\u00f3n de&#46;&#46;&#46;<\/p>\n","protected":false},"author":2,"featured_media":25184,"comment_status":"closed","ping_status":"open","sticky":false,"template":"","format":"standard","meta":{"footnotes":""},"categories":[1],"tags":[2539,1115,1678,8,6,117],"class_list":["post-25183","post","type-post","status-publish","format-standard","has-post-thumbnail","hentry","category-noticias","tag-museo","tag-noticias","tag-nuble","tag-yungay","tag-yungayino","tag-yungayinocl"],"_links":{"self":[{"href":"https:\/\/www.yungayino.cl\/noticias\/index.php?rest_route=\/wp\/v2\/posts\/25183","targetHints":{"allow":["GET"]}}],"collection":[{"href":"https:\/\/www.yungayino.cl\/noticias\/index.php?rest_route=\/wp\/v2\/posts"}],"about":[{"href":"https:\/\/www.yungayino.cl\/noticias\/index.php?rest_route=\/wp\/v2\/types\/post"}],"author":[{"embeddable":true,"href":"https:\/\/www.yungayino.cl\/noticias\/index.php?rest_route=\/wp\/v2\/users\/2"}],"replies":[{"embeddable":true,"href":"https:\/\/www.yungayino.cl\/noticias\/index.php?rest_route=%2Fwp%2Fv2%2Fcomments&post=25183"}],"version-history":[{"count":2,"href":"https:\/\/www.yungayino.cl\/noticias\/index.php?rest_route=\/wp\/v2\/posts\/25183\/revisions"}],"predecessor-version":[{"id":25186,"href":"https:\/\/www.yungayino.cl\/noticias\/index.php?rest_route=\/wp\/v2\/posts\/25183\/revisions\/25186"}],"wp:featuredmedia":[{"embeddable":true,"href":"https:\/\/www.yungayino.cl\/noticias\/index.php?rest_route=\/wp\/v2\/media\/25184"}],"wp:attachment":[{"href":"https:\/\/www.yungayino.cl\/noticias\/index.php?rest_route=%2Fwp%2Fv2%2Fmedia&parent=25183"}],"wp:term":[{"taxonomy":"category","embeddable":true,"href":"https:\/\/www.yungayino.cl\/noticias\/index.php?rest_route=%2Fwp%2Fv2%2Fcategories&post=25183"},{"taxonomy":"post_tag","embeddable":true,"href":"https:\/\/www.yungayino.cl\/noticias\/index.php?rest_route=%2Fwp%2Fv2%2Ftags&post=25183"}],"curies":[{"name":"wp","href":"https:\/\/api.w.org\/{rel}","templated":true}]}}