{"id":25187,"date":"2021-10-13T07:00:57","date_gmt":"2021-10-13T10:00:57","guid":{"rendered":"http:\/\/www.yungayino.cl\/noticias\/?p=25187"},"modified":"2021-10-12T19:12:26","modified_gmt":"2021-10-12T22:12:26","slug":"reserva-nacional-nuble-y-sus-avances","status":"publish","type":"post","link":"https:\/\/www.yungayino.cl\/noticias\/?p=25187","title":{"rendered":"Reserva Nacional \u00d1uble y Sus Avances"},"content":{"rendered":"<p><img loading=\"lazy\" decoding=\"async\" class=\"alignnone size-full wp-image-25188\" src=\"http:\/\/www.yungayino.cl\/noticias\/wp-content\/uploads\/2021\/10\/parque-nuble.jpg\" alt=\"\" width=\"700\" height=\"350\" srcset=\"https:\/\/www.yungayino.cl\/noticias\/wp-content\/uploads\/2021\/10\/parque-nuble.jpg 700w, https:\/\/www.yungayino.cl\/noticias\/wp-content\/uploads\/2021\/10\/parque-nuble-300x150.jpg 300w\" sizes=\"auto, (max-width: 700px) 100vw, 700px\" \/><\/p>\n<p style=\"text-align: justify;\">\u00d1uble, octubre 2021: El gerente de \u00c1reas Silvestres Protegidas de CONAF, \u00cdtalo Rossi, destac\u00f3 la labor de las y los guardaparques de la regi\u00f3n.<\/p>\n<p style=\"text-align: justify;\">Los avances realizados, como el mejoramiento de condiciones para la labor de las y los guardaparques, de senderos y tambi\u00e9n la incorporaci\u00f3n de las unidades regionales al sistema de reservas en la plataforma <strong><a href=\"http:\/\/www.aspticket.cl\">www.aspticket.cl<\/a><\/strong>, certific\u00f3 en terreno el gerente de \u00c1reas Silvestres Protegidas de la Corporaci\u00f3n Nacional Forestal (CONAF, \u00cdtalo Rossi, en su visita a la Reserva Nacional \u00d1uble.<\/p>\n<p style=\"text-align: justify;\">En la oportunidad, en su recorrido por esta unidad, donde estuvo acompa\u00f1ado por el director regional de CONAF \u00d1uble, Domingo Gonz\u00e1lez, y el jefe del\u00a0 Departamento de \u00c1reas Silvestres Protegidas de CONAF \u00d1uble, Christopher Sep\u00falveda, conoci\u00f3 especialmente los avances logrados en habitabilidad para las y los guardaparques, con quienes convers\u00f3 sobre la labor realizada en estos \u00faltimos meses de pandemia y las mantenciones y arreglos que se realizaron para la reapertura anticipada de esta reserva y tambi\u00e9n de la Reserva Nacional Huemules de Niblinto.<\/p>\n<p style=\"text-align: justify;\">Uno de los aspectos que m\u00e1s destac\u00f3 \u00cdtalo Rossi, fue que \u00abest\u00e1 visita me permite conocer y encontrarme con los hombres y mujeres que aqu\u00ed hacen patria, lo que es una labor poco conocida y muchas veces invisibilizada. Adem\u00e1s, por supuesto, confirmar en terreno las condiciones en que trabajan y los avances en esta hermosa \u00e1rea protegida de esta regi\u00f3n\u201d.<\/p>\n<p style=\"text-align: justify;\">En este contexto, el director regional, Domingo Gonz\u00e1lez Z\u00fa\u00f1iga, coment\u00f3 que \u00abhemos mejorado especialmente la habitabilidad para dar mayor confort a nuestro personal. Antiguamente no exist\u00eda luz y hoy, con los avances, nuestros guardaparques cuentan con electricidad a trav\u00e9s de paneles solares\u201d.<\/p>\n<p style=\"text-align: justify;\">Apertura anticipada de las reservas en la regi\u00f3n<\/p>\n<p style=\"text-align: justify;\">En la visita, tambi\u00e9n se destac\u00f3 la apertura anticipada de las reservas nacionales \u00d1uble y Huemules de Niblinto, las que ya se encuentran operando para recibir a p\u00fablico. Ambas unidades cuentan con el sistema de reserva de entrada en la p\u00e1gina web <strong><a href=\"http:\/\/www.aspticket.cl\">www.aspticket.cl<\/a><\/strong>, d\u00f3nde los visitantes tienen la opci\u00f3n de asegurar el ingreso a estas \u00e1reas silvestres del Estado.<\/p>\n<p style=\"text-align: justify;\">Para el caso de la Reserva Huemules de Niblinto la entrada es liberada y cuenta con una capacidad m\u00e1xima de visitas diarias de 40 personas y no se permite pernoctar. Distinto escenario es en la Reserva Nacional \u00d1uble, ya que all\u00ed si se puede pernoctar y su capacidad es de 100 personas diarias. En esta unidad hay entrada liberada para ni\u00f1as y ni\u00f1os menores de 12 a\u00f1os y para adultos sobre 60 a\u00f1os. En j\u00f3venes y adultos, los precios van entre 1.600 a 3.100 pesos.<\/p>\n<p style=\"text-align: justify;\">Un aspecto importante al visitar estas \u00e1reas protegidas, tal como lo resalt\u00f3 el jefe regional del Departamento de \u00c1reas Silvestres protegidas de CONAF, Christopher Sep\u00falveda, es respetar las normas de seguridad y recordar que no se permiten los animales dom\u00e9sticos.<\/p>\n<p style=\"text-align: justify;\">Adem\u00e1s, como la plataforma <strong><a href=\"http:\/\/www.aspticket.cl\">www.aspticket.cl<\/a> <\/strong>se encuentra en un periodo de marcha blanca para la regi\u00f3n, se reciben tambi\u00e9n solicitudes de visita al correo <strong>reserva.nuble@conaf.cl<\/strong>, el cual sirve para las dos unidades existentes en nuestra regi\u00f3n.<\/p>\n","protected":false},"excerpt":{"rendered":"<p>\u00d1uble, octubre 2021: El gerente de \u00c1reas Silvestres Protegidas de CONAF, \u00cdtalo Rossi, destac\u00f3 la labor de las y los guardaparques de la regi\u00f3n. Los avances realizados, como el mejoramiento de condiciones para la&#46;&#46;&#46;<\/p>\n","protected":false},"author":2,"featured_media":25188,"comment_status":"closed","ping_status":"open","sticky":false,"template":"","format":"standard","meta":{"footnotes":""},"categories":[1],"tags":[1115,1678,2532,8,6,117],"class_list":["post-25187","post","type-post","status-publish","format-standard","has-post-thumbnail","hentry","category-noticias","tag-noticias","tag-nuble","tag-reserva-nuble","tag-yungay","tag-yungayino","tag-yungayinocl"],"_links":{"self":[{"href":"https:\/\/www.yungayino.cl\/noticias\/index.php?rest_route=\/wp\/v2\/posts\/25187","targetHints":{"allow":["GET"]}}],"collection":[{"href":"https:\/\/www.yungayino.cl\/noticias\/index.php?rest_route=\/wp\/v2\/posts"}],"about":[{"href":"https:\/\/www.yungayino.cl\/noticias\/index.php?rest_route=\/wp\/v2\/types\/post"}],"author":[{"embeddable":true,"href":"https:\/\/www.yungayino.cl\/noticias\/index.php?rest_route=\/wp\/v2\/users\/2"}],"replies":[{"embeddable":true,"href":"https:\/\/www.yungayino.cl\/noticias\/index.php?rest_route=%2Fwp%2Fv2%2Fcomments&post=25187"}],"version-history":[{"count":2,"href":"https:\/\/www.yungayino.cl\/noticias\/index.php?rest_route=\/wp\/v2\/posts\/25187\/revisions"}],"predecessor-version":[{"id":25190,"href":"https:\/\/www.yungayino.cl\/noticias\/index.php?rest_route=\/wp\/v2\/posts\/25187\/revisions\/25190"}],"wp:featuredmedia":[{"embeddable":true,"href":"https:\/\/www.yungayino.cl\/noticias\/index.php?rest_route=\/wp\/v2\/media\/25188"}],"wp:attachment":[{"href":"https:\/\/www.yungayino.cl\/noticias\/index.php?rest_route=%2Fwp%2Fv2%2Fmedia&parent=25187"}],"wp:term":[{"taxonomy":"category","embeddable":true,"href":"https:\/\/www.yungayino.cl\/noticias\/index.php?rest_route=%2Fwp%2Fv2%2Fcategories&post=25187"},{"taxonomy":"post_tag","embeddable":true,"href":"https:\/\/www.yungayino.cl\/noticias\/index.php?rest_route=%2Fwp%2Fv2%2Ftags&post=25187"}],"curies":[{"name":"wp","href":"https:\/\/api.w.org\/{rel}","templated":true}]}}