{"id":25199,"date":"2021-10-17T13:00:09","date_gmt":"2021-10-17T16:00:09","guid":{"rendered":"http:\/\/www.yungayino.cl\/noticias\/?p=25199"},"modified":"2021-10-17T18:43:30","modified_gmt":"2021-10-17T21:43:30","slug":"junta-de-vecinos-valle-templado-de-yungay-se-adjudica-subvencion-2021-de-seguridad-ciudadana-del-gobierno-regional-de-nuble","status":"publish","type":"post","link":"https:\/\/www.yungayino.cl\/noticias\/?p=25199","title":{"rendered":"Junta de Vecinos Valle Templado de Yungay se Adjudica Subvenci\u00f3n 2021 de Seguridad Ciudadana del Gobierno Regional de \u00d1uble"},"content":{"rendered":"<p><img loading=\"lazy\" decoding=\"async\" class=\"alignnone size-full wp-image-25200\" src=\"http:\/\/www.yungayino.cl\/noticias\/wp-content\/uploads\/2021\/10\/sede-valle-templado.jpg\" alt=\"\" width=\"700\" height=\"350\" srcset=\"https:\/\/www.yungayino.cl\/noticias\/wp-content\/uploads\/2021\/10\/sede-valle-templado.jpg 700w, https:\/\/www.yungayino.cl\/noticias\/wp-content\/uploads\/2021\/10\/sede-valle-templado-300x150.jpg 300w\" sizes=\"auto, (max-width: 700px) 100vw, 700px\" \/><\/p>\n<p style=\"text-align: justify;\">Yungay, octubre 2021: Con una Charla de Prevenci\u00f3n del Delito dictada por el funcionario de Carabineros de la Cuarta Comisar\u00eda de Yungay Sr. Nelson San Martin, la Junta de Vecinos Valle Templado de Yungay liderada por su Presidenta la Sra. Ver\u00f3nica Pardo, quien dio a conocer a sus vecinos (as) y autoridades el exitoso proyecto de seguridad ciudadana que se adjudicaron por una subvenci\u00f3n de $3.500.000 con Fondos del Gobierno Regional de \u00d1uble.<\/p>\n<p style=\"text-align: justify;\">El Proyecto denominado <strong>\u201cCAMINA TRANQUILO, TE ESTOY VIGILANDO VALLE TEMPLADO\u201d<\/strong>, considera la implementaci\u00f3n de un sistema de tele vigilancia, integrado por 4 c\u00e1maras de seguridad, la contrataci\u00f3n de un profesional del \u00e1rea social que liderar\u00e1 la correcta ejecuci\u00f3n del proyecto y la realizaci\u00f3n de talleres sobre prevenci\u00f3n comunitaria, resoluci\u00f3n pac\u00edfica de conflictos, entre otros.<\/p>\n<p style=\"text-align: justify;\">Destacar que el proyecto de tele vigilancia comunitaria tiene como objetivo reducir las oportunidades para la comisi\u00f3n de delitos y la percepci\u00f3n de temor e inseguridad de las vecinas y vecinos de la Junta de Vecinos Valle Templado. Una de las c\u00e1maras ser\u00e1 instalada en el frontis de la sede comunitaria, otra c\u00e1mara en la intersecci\u00f3n de Calles Independencia esquina Tarapac\u00e1 y otras dos c\u00e1maras en la intersecci\u00f3n de Calles Independencia con \u00c1ngeles.<\/p>\n<p style=\"text-align: justify;\">Finalmente se\u00f1alar que la actividad cont\u00f3 con la asistencia del alcalde Rafael Cifuentes, el Consejero Regional, Sr. John Andrades, los Concejales Gonzalo Rojas, Patricia Moncada, Berta Cid, Ricardo Ramos y Julio N\u00fa\u00f1ez, la Directora de Desarrollo Comunitario, Sra. Pamela Jelves, adem\u00e1s de Vecinos y Vecinas.<\/p>\n<p>&nbsp;<\/p>\n<p style=\"text-align: justify;\">[su_button url=\u00bbhttps:\/\/web.facebook.com\/media\/set\/?vanity=yungayino.cl&amp;set=a.4988573297824336&#8243; target=\u00bbblank\u00bb size=\u00bb7&#8243; radius=\u00bbround\u00bb icon=\u00bbicon: facebook-square\u00bb]FOTOGRAF\u00cdAS &#8211; Junta de Vecinos Valle Templado de Yungay se Adjudica Subvenci\u00f3n 2021 de Seguridad Ciudadana del Gobierno Regional de \u00d1uble[\/su_button]<\/p>\n","protected":false},"excerpt":{"rendered":"<p>Yungay, octubre 2021: Con una Charla de Prevenci\u00f3n del Delito dictada por el funcionario de Carabineros de la Cuarta Comisar\u00eda de Yungay Sr. Nelson San Martin, la Junta de Vecinos Valle Templado de Yungay&#46;&#46;&#46;<\/p>\n","protected":false},"author":2,"featured_media":25200,"comment_status":"closed","ping_status":"open","sticky":false,"template":"","format":"standard","meta":{"footnotes":""},"categories":[1],"tags":[2540,2541,1115,8,6,117],"class_list":["post-25199","post","type-post","status-publish","format-standard","has-post-thumbnail","hentry","category-noticias","tag-camaras-vigilancia","tag-jjvv-valle-templado","tag-noticias","tag-yungay","tag-yungayino","tag-yungayinocl"],"_links":{"self":[{"href":"https:\/\/www.yungayino.cl\/noticias\/index.php?rest_route=\/wp\/v2\/posts\/25199","targetHints":{"allow":["GET"]}}],"collection":[{"href":"https:\/\/www.yungayino.cl\/noticias\/index.php?rest_route=\/wp\/v2\/posts"}],"about":[{"href":"https:\/\/www.yungayino.cl\/noticias\/index.php?rest_route=\/wp\/v2\/types\/post"}],"author":[{"embeddable":true,"href":"https:\/\/www.yungayino.cl\/noticias\/index.php?rest_route=\/wp\/v2\/users\/2"}],"replies":[{"embeddable":true,"href":"https:\/\/www.yungayino.cl\/noticias\/index.php?rest_route=%2Fwp%2Fv2%2Fcomments&post=25199"}],"version-history":[{"count":4,"href":"https:\/\/www.yungayino.cl\/noticias\/index.php?rest_route=\/wp\/v2\/posts\/25199\/revisions"}],"predecessor-version":[{"id":25204,"href":"https:\/\/www.yungayino.cl\/noticias\/index.php?rest_route=\/wp\/v2\/posts\/25199\/revisions\/25204"}],"wp:featuredmedia":[{"embeddable":true,"href":"https:\/\/www.yungayino.cl\/noticias\/index.php?rest_route=\/wp\/v2\/media\/25200"}],"wp:attachment":[{"href":"https:\/\/www.yungayino.cl\/noticias\/index.php?rest_route=%2Fwp%2Fv2%2Fmedia&parent=25199"}],"wp:term":[{"taxonomy":"category","embeddable":true,"href":"https:\/\/www.yungayino.cl\/noticias\/index.php?rest_route=%2Fwp%2Fv2%2Fcategories&post=25199"},{"taxonomy":"post_tag","embeddable":true,"href":"https:\/\/www.yungayino.cl\/noticias\/index.php?rest_route=%2Fwp%2Fv2%2Ftags&post=25199"}],"curies":[{"name":"wp","href":"https:\/\/api.w.org\/{rel}","templated":true}]}}