{"id":25208,"date":"2021-10-19T07:00:33","date_gmt":"2021-10-19T10:00:33","guid":{"rendered":"http:\/\/www.yungayino.cl\/noticias\/?p=25208"},"modified":"2021-10-17T18:49:08","modified_gmt":"2021-10-17T21:49:08","slug":"un-llamado-al-autocuidado-para-prevenir-contagios-por-covid-19-realizan-profesionales-del-servicio-de-salud-nuble","status":"publish","type":"post","link":"https:\/\/www.yungayino.cl\/noticias\/?p=25208","title":{"rendered":"Un Llamado al Autocuidado Para Prevenir Contagios por Covid-19 Realizan Profesionales del Servicio de Salud \u00d1uble"},"content":{"rendered":"<p><img loading=\"lazy\" decoding=\"async\" class=\"alignnone size-full wp-image-25209\" src=\"http:\/\/www.yungayino.cl\/noticias\/wp-content\/uploads\/2021\/10\/Operativo-de-busqueda-activa.jpg\" alt=\"\" width=\"700\" height=\"350\" srcset=\"https:\/\/www.yungayino.cl\/noticias\/wp-content\/uploads\/2021\/10\/Operativo-de-busqueda-activa.jpg 700w, https:\/\/www.yungayino.cl\/noticias\/wp-content\/uploads\/2021\/10\/Operativo-de-busqueda-activa-300x150.jpg 300w\" sizes=\"auto, (max-width: 700px) 100vw, 700px\" \/><\/p>\n<p style=\"text-align: justify;\">\u00d1uble, octubre 2021: Si bien septiembre termin\u00f3 con buenos indicadores en la red asistencial, los primeros 15 d\u00edas de octubre registran un leve incremento en las hospitalizaciones por lo que la invitaci\u00f3n es a seguir cuid\u00e1ndose y a adherir al proceso de vacunaci\u00f3n.<\/p>\n<p style=\"text-align: justify;\">Un total de 33 casos nuevos de Covid-19 se registraron en \u00d1uble durante la jornada del 15 de octubre, una cifra que representa un 42% m\u00e1s de contagios respecto del d\u00eda anterior. Frente a este escenario, autoridades del Servicio de Salud (SS\u00d1) reiteraron la importancia de mantener las medidas de autocuidado y de esa forma, el control de la pandemia a nivel local.<\/p>\n<p style=\"text-align: justify;\">\u201cLas cifras en nuestra red asistencial son alentadoras, pero debemos seguir previniendo siempre; durante septiembre tuvimos una reducci\u00f3n del 71% en el promedio de hospitalizados, es decir, si en agosto la media fue de 34 personas internadas a causa del coronavirus, en septiembre el n\u00famero descendi\u00f3 a 10. Sin embargo, en estos primeros d\u00edas de octubre, tuvimos un leve incremento, llegando a 13 pacientes por lo que consideramos fundamental reiterar el llamado a la responsabilidad\u201d, explic\u00f3 el doctor Max Besser, subdirector de Gesti\u00f3n Asistencial de la instituci\u00f3n.<\/p>\n<p style=\"text-align: justify;\">El facultativo agreg\u00f3 que \u201ceste aumento, puede estar explicado por distintos factores entre ellos, la mayor movilidad que se da a\u00fan m\u00e1s durante los fines de semana, por ello, enfatizamos en que cuidarnos contin\u00faa siendo prioridad, para evitar contagios y proteger, sobre todo, a quienes son parte de los grupos m\u00e1s vulnerables\u201d.<\/p>\n","protected":false},"excerpt":{"rendered":"<p>\u00d1uble, octubre 2021: Si bien septiembre termin\u00f3 con buenos indicadores en la red asistencial, los primeros 15 d\u00edas de octubre registran un leve incremento en las hospitalizaciones por lo que la invitaci\u00f3n es a&#46;&#46;&#46;<\/p>\n","protected":false},"author":2,"featured_media":25209,"comment_status":"closed","ping_status":"open","sticky":false,"template":"","format":"standard","meta":{"footnotes":""},"categories":[1,1675],"tags":[1115,1678,65,8,6,117],"class_list":["post-25208","post","type-post","status-publish","format-standard","has-post-thumbnail","hentry","category-noticias","category-saludc","tag-noticias","tag-nuble","tag-salud","tag-yungay","tag-yungayino","tag-yungayinocl"],"_links":{"self":[{"href":"https:\/\/www.yungayino.cl\/noticias\/index.php?rest_route=\/wp\/v2\/posts\/25208","targetHints":{"allow":["GET"]}}],"collection":[{"href":"https:\/\/www.yungayino.cl\/noticias\/index.php?rest_route=\/wp\/v2\/posts"}],"about":[{"href":"https:\/\/www.yungayino.cl\/noticias\/index.php?rest_route=\/wp\/v2\/types\/post"}],"author":[{"embeddable":true,"href":"https:\/\/www.yungayino.cl\/noticias\/index.php?rest_route=\/wp\/v2\/users\/2"}],"replies":[{"embeddable":true,"href":"https:\/\/www.yungayino.cl\/noticias\/index.php?rest_route=%2Fwp%2Fv2%2Fcomments&post=25208"}],"version-history":[{"count":1,"href":"https:\/\/www.yungayino.cl\/noticias\/index.php?rest_route=\/wp\/v2\/posts\/25208\/revisions"}],"predecessor-version":[{"id":25210,"href":"https:\/\/www.yungayino.cl\/noticias\/index.php?rest_route=\/wp\/v2\/posts\/25208\/revisions\/25210"}],"wp:featuredmedia":[{"embeddable":true,"href":"https:\/\/www.yungayino.cl\/noticias\/index.php?rest_route=\/wp\/v2\/media\/25209"}],"wp:attachment":[{"href":"https:\/\/www.yungayino.cl\/noticias\/index.php?rest_route=%2Fwp%2Fv2%2Fmedia&parent=25208"}],"wp:term":[{"taxonomy":"category","embeddable":true,"href":"https:\/\/www.yungayino.cl\/noticias\/index.php?rest_route=%2Fwp%2Fv2%2Fcategories&post=25208"},{"taxonomy":"post_tag","embeddable":true,"href":"https:\/\/www.yungayino.cl\/noticias\/index.php?rest_route=%2Fwp%2Fv2%2Ftags&post=25208"}],"curies":[{"name":"wp","href":"https:\/\/api.w.org\/{rel}","templated":true}]}}