{"id":25246,"date":"2021-10-25T10:00:21","date_gmt":"2021-10-25T13:00:21","guid":{"rendered":"http:\/\/www.yungayino.cl\/noticias\/?p=25246"},"modified":"2021-10-25T15:33:23","modified_gmt":"2021-10-25T18:33:23","slug":"cierre-del-proyecto-prevencion-ante-contingencia-y-emergencias-naturales-y-antropicas-santa-lucia-bajo","status":"publish","type":"post","link":"https:\/\/www.yungayino.cl\/noticias\/?p=25246","title":{"rendered":"Cierre del Proyecto \u201cPrevenci\u00f3n Ante Contingencia y Emergencias Naturales y Antr\u00f3picas Santa Luc\u00eda Bajo"},"content":{"rendered":"<p><img loading=\"lazy\" decoding=\"async\" class=\"alignnone size-full wp-image-25247\" src=\"http:\/\/www.yungayino.cl\/noticias\/wp-content\/uploads\/2021\/10\/1-1.jpg\" alt=\"\" width=\"700\" height=\"350\" srcset=\"https:\/\/www.yungayino.cl\/noticias\/wp-content\/uploads\/2021\/10\/1-1.jpg 700w, https:\/\/www.yungayino.cl\/noticias\/wp-content\/uploads\/2021\/10\/1-1-300x150.jpg 300w\" sizes=\"auto, (max-width: 700px) 100vw, 700px\" \/><\/p>\n<p style=\"text-align: justify;\">Yungay, octubre 2021: En el sector de Santa Luc\u00eda Bajo, se realiz\u00f3 la actividad de cierre del Proyecto denominado \u201cPrevenci\u00f3n ante contingencia y emergencias naturales y antr\u00f3picas Santa Luc\u00eda Bajo\u201d, obtenido a trav\u00e9s del fondo fortalecimiento de organizaciones de inter\u00e9s p\u00fablico y postulado por la organizaci\u00f3n ADECOFFY.<\/p>\n<p style=\"text-align: justify;\">Este proyecto permiti\u00f3 el desarrollo de protocolos ante emergencias y la obtenci\u00f3n de importantes beneficios como alarmas comunitarias y red h\u00fameda para los vecinos del Sector.<\/p>\n<p style=\"text-align: justify;\">Alcalde de Yungay, Rafael Cifuentes Rodr\u00edguez, a trav\u00e9s del Director Jur\u00eddico, Cristopher Reyes B\u00f3rquez, hizo extensiva sus felicitaciones por la obtenci\u00f3n de este importante y pionero proyecto que adem\u00e1s servir\u00e1 de base para el dise\u00f1o de otras iniciativas a nivel regional tal como expres\u00f3 el SEREMI de Secretaria Regional de Gobierno.<\/p>\n","protected":false},"excerpt":{"rendered":"<p>Yungay, octubre 2021: En el sector de Santa Luc\u00eda Bajo, se realiz\u00f3 la actividad de cierre del Proyecto denominado \u201cPrevenci\u00f3n ante contingencia y emergencias naturales y antr\u00f3picas Santa Luc\u00eda Bajo\u201d, obtenido a trav\u00e9s del&#46;&#46;&#46;<\/p>\n","protected":false},"author":2,"featured_media":25247,"comment_status":"closed","ping_status":"open","sticky":false,"template":"","format":"standard","meta":{"footnotes":""},"categories":[1],"tags":[1115,8,6,117],"class_list":["post-25246","post","type-post","status-publish","format-standard","has-post-thumbnail","hentry","category-noticias","tag-noticias","tag-yungay","tag-yungayino","tag-yungayinocl"],"_links":{"self":[{"href":"https:\/\/www.yungayino.cl\/noticias\/index.php?rest_route=\/wp\/v2\/posts\/25246","targetHints":{"allow":["GET"]}}],"collection":[{"href":"https:\/\/www.yungayino.cl\/noticias\/index.php?rest_route=\/wp\/v2\/posts"}],"about":[{"href":"https:\/\/www.yungayino.cl\/noticias\/index.php?rest_route=\/wp\/v2\/types\/post"}],"author":[{"embeddable":true,"href":"https:\/\/www.yungayino.cl\/noticias\/index.php?rest_route=\/wp\/v2\/users\/2"}],"replies":[{"embeddable":true,"href":"https:\/\/www.yungayino.cl\/noticias\/index.php?rest_route=%2Fwp%2Fv2%2Fcomments&post=25246"}],"version-history":[{"count":1,"href":"https:\/\/www.yungayino.cl\/noticias\/index.php?rest_route=\/wp\/v2\/posts\/25246\/revisions"}],"predecessor-version":[{"id":25248,"href":"https:\/\/www.yungayino.cl\/noticias\/index.php?rest_route=\/wp\/v2\/posts\/25246\/revisions\/25248"}],"wp:featuredmedia":[{"embeddable":true,"href":"https:\/\/www.yungayino.cl\/noticias\/index.php?rest_route=\/wp\/v2\/media\/25247"}],"wp:attachment":[{"href":"https:\/\/www.yungayino.cl\/noticias\/index.php?rest_route=%2Fwp%2Fv2%2Fmedia&parent=25246"}],"wp:term":[{"taxonomy":"category","embeddable":true,"href":"https:\/\/www.yungayino.cl\/noticias\/index.php?rest_route=%2Fwp%2Fv2%2Fcategories&post=25246"},{"taxonomy":"post_tag","embeddable":true,"href":"https:\/\/www.yungayino.cl\/noticias\/index.php?rest_route=%2Fwp%2Fv2%2Ftags&post=25246"}],"curies":[{"name":"wp","href":"https:\/\/api.w.org\/{rel}","templated":true}]}}