{"id":25252,"date":"2021-10-27T07:00:59","date_gmt":"2021-10-27T10:00:59","guid":{"rendered":"http:\/\/www.yungayino.cl\/noticias\/?p=25252"},"modified":"2021-10-25T15:39:55","modified_gmt":"2021-10-25T18:39:55","slug":"servicio-de-salud-nuble-concluyo-el-estudio-preinversional-del-futuro-centro-oncologico","status":"publish","type":"post","link":"https:\/\/www.yungayino.cl\/noticias\/?p=25252","title":{"rendered":"Servicio de Salud \u00d1uble Concluy\u00f3 el Estudio Preinversional del Futuro Centro Oncol\u00f3gico"},"content":{"rendered":"<p><img loading=\"lazy\" decoding=\"async\" class=\"alignnone size-full wp-image-25253\" src=\"http:\/\/www.yungayino.cl\/noticias\/wp-content\/uploads\/2021\/10\/estudio-preinversional.jpg\" alt=\"\" width=\"700\" height=\"350\" srcset=\"https:\/\/www.yungayino.cl\/noticias\/wp-content\/uploads\/2021\/10\/estudio-preinversional.jpg 700w, https:\/\/www.yungayino.cl\/noticias\/wp-content\/uploads\/2021\/10\/estudio-preinversional-300x150.jpg 300w\" sizes=\"auto, (max-width: 700px) 100vw, 700px\" \/><\/p>\n<p style=\"text-align: justify;\">\u00d1uble, octubre: El Director de la instituci\u00f3n, Ricardo S\u00e1nchez, confirm\u00f3 que el documento fue entregado al Ministerio de Salud, que analizar\u00e1 los antecedentes t\u00e9cnicos para evaluar la factibilidad de la iniciativa.<\/p>\n<p style=\"text-align: justify;\">Continuar avanzando en la concreci\u00f3n del nuevo Centro Oncol\u00f3gico es una de las prioridades actuales del Servicio de Salud \u00d1uble, por ello, el Director de la Instituci\u00f3n, Ricardo S\u00e1nchez, se reuni\u00f3 con el Delegado Presidencial Regional, Crist\u00f3bal Jardua, para compartir los detalles del proyecto.<\/p>\n<p style=\"text-align: justify;\">\u201cEn agosto nos comprometimos con el ministro de Salud, Enrique Paris, a concluir el estudio preinversional para dar vida a este centro y cumplimos en los plazos. Por ello, durante la semana viaj\u00e9 al Ministerio para entregar el documento, que ser\u00e1 analizado por las autoridades para evaluar la factibilidad t\u00e9cnica de la iniciativa\u201d, explic\u00f3 la autoridad.<\/p>\n<p style=\"text-align: justify;\">El director agreg\u00f3 que \u201cactualmente nos encontramos en la etapa de prefactibilidad, de esta forma, desarrollamos este estudio que consta de 7 m\u00f3dulos que explican por qu\u00e9 es necesario contar con este nuevo servicio en nuestro territorio. En sus p\u00e1ginas abordamos el modelo de gesti\u00f3n; la cartera de servicios; el recurso humano requerido; equipos y equipamiento; tecnolog\u00edas de la informaci\u00f3n; la arquitectura y la sustentabilidad financiera, todo esto, con base en nuestra realidad epidemiol\u00f3gica. Se trata de un requisito que el ministerio solicita para aprobar una idea y darle viabilidad t\u00e9cnica y con ello, definir el financiamiento para dar vida al futuro recinto\u201d.<\/p>\n<p style=\"text-align: justify;\">Por su parte, el Delegado Presidencial Regional, Crist\u00f3bal Jardua, se\u00f1al\u00f3: \u201cQuiero agradecer y destacar el gran trabajo que han realizado los profesionales del Servicio de Salud de \u00d1uble, que encabeza su director, Ricardo S\u00e1nchez, quien est\u00e1 cumpliendo con un compromiso adquirido frente al ministro Enrique Paris, instancia en la cual trabajamos en realizar el proyecto de preinversi\u00f3n para seguir avanzando en el centro oncol\u00f3gico regional. Estamos muy contentos, estos son hechos concretos para materializar este anhelado proyecto para toda la comunidad, dando cumplimiento a nuestro plan regional presentado por el Presidente Sebasti\u00e1n Pi\u00f1era\u201d.<\/p>\n<p style=\"text-align: justify;\">El Centro Oncol\u00f3gico es una de las estrategias contenidas en el Plan Nacional del C\u00e1ncer, seg\u00fan detall\u00f3, Ricardo S\u00e1nchez, \u201csi bien, sabemos que se concretar\u00e1 en el mediano plazo, desde el Servicio de estamos trabajando con mucha responsabilidad para adelantarnos y as\u00ed liderar esta iniciativa que nos permitir\u00e1 contar con m\u00e1s tratamientos de alta complejidad para el c\u00e1ncer\u201d.<\/p>\n<p style=\"text-align: justify;\">La unidad terap\u00e9utica permitir\u00e1 la atenci\u00f3n de personas adultas diagnosticadas con esta patolog\u00eda en la red asistencial de \u00d1uble, para ello, dispondr\u00e1 de los servicios de hematoncolog\u00eda; quimioterapia; radioterapia y cuidados continuos y paliativos.<\/p>\n","protected":false},"excerpt":{"rendered":"<p>\u00d1uble, octubre: El Director de la instituci\u00f3n, Ricardo S\u00e1nchez, confirm\u00f3 que el documento fue entregado al Ministerio de Salud, que analizar\u00e1 los antecedentes t\u00e9cnicos para evaluar la factibilidad de la iniciativa. Continuar avanzando en&#46;&#46;&#46;<\/p>\n","protected":false},"author":2,"featured_media":25253,"comment_status":"closed","ping_status":"open","sticky":false,"template":"","format":"standard","meta":{"footnotes":""},"categories":[1,1675],"tags":[1115,1678,395,8,117],"class_list":["post-25252","post","type-post","status-publish","format-standard","has-post-thumbnail","hentry","category-noticias","category-saludc","tag-noticias","tag-nuble","tag-yunayino","tag-yungay","tag-yungayinocl"],"_links":{"self":[{"href":"https:\/\/www.yungayino.cl\/noticias\/index.php?rest_route=\/wp\/v2\/posts\/25252","targetHints":{"allow":["GET"]}}],"collection":[{"href":"https:\/\/www.yungayino.cl\/noticias\/index.php?rest_route=\/wp\/v2\/posts"}],"about":[{"href":"https:\/\/www.yungayino.cl\/noticias\/index.php?rest_route=\/wp\/v2\/types\/post"}],"author":[{"embeddable":true,"href":"https:\/\/www.yungayino.cl\/noticias\/index.php?rest_route=\/wp\/v2\/users\/2"}],"replies":[{"embeddable":true,"href":"https:\/\/www.yungayino.cl\/noticias\/index.php?rest_route=%2Fwp%2Fv2%2Fcomments&post=25252"}],"version-history":[{"count":2,"href":"https:\/\/www.yungayino.cl\/noticias\/index.php?rest_route=\/wp\/v2\/posts\/25252\/revisions"}],"predecessor-version":[{"id":25255,"href":"https:\/\/www.yungayino.cl\/noticias\/index.php?rest_route=\/wp\/v2\/posts\/25252\/revisions\/25255"}],"wp:featuredmedia":[{"embeddable":true,"href":"https:\/\/www.yungayino.cl\/noticias\/index.php?rest_route=\/wp\/v2\/media\/25253"}],"wp:attachment":[{"href":"https:\/\/www.yungayino.cl\/noticias\/index.php?rest_route=%2Fwp%2Fv2%2Fmedia&parent=25252"}],"wp:term":[{"taxonomy":"category","embeddable":true,"href":"https:\/\/www.yungayino.cl\/noticias\/index.php?rest_route=%2Fwp%2Fv2%2Fcategories&post=25252"},{"taxonomy":"post_tag","embeddable":true,"href":"https:\/\/www.yungayino.cl\/noticias\/index.php?rest_route=%2Fwp%2Fv2%2Ftags&post=25252"}],"curies":[{"name":"wp","href":"https:\/\/api.w.org\/{rel}","templated":true}]}}