{"id":2530,"date":"2009-11-26T08:00:20","date_gmt":"2009-11-26T12:00:20","guid":{"rendered":"http:\/\/www.yungayino.cl\/noticias\/?p=2530"},"modified":"2009-11-25T21:33:48","modified_gmt":"2009-11-26T01:33:48","slug":"encuentro-de-poesia-en-yungay","status":"publish","type":"post","link":"https:\/\/www.yungayino.cl\/noticias\/?p=2530","title":{"rendered":"Encuentro de Poes\u00eda en Yungay"},"content":{"rendered":"<p><img decoding=\"async\" src=\"http:\/\/www.yungayino.cl\/imagenes\/paulailabaca.jpg\" alt=\"Encuentro de Poes\u00eda en Yungay\" \/><\/p>\n<p align=\"justify\"><font size=\"2\">El programa radial \u201cLibro parlante\u201d, con el patrocinio de la Municipalidad de Yungay, invitan cordialmente al evento literario \u201cPoes\u00eda en Yungay\u201d, el cual se llevar\u00e1 a cabo el d\u00eda s\u00e1bado 28 de noviembre, en dependencias de la Biblioteca Municipal a las 19:00 horas. Se contar\u00e1 con la participaci\u00f3n de los poetas de Yungay Clementina Vel\u00e1squez, Willy Hidalgo y Santiago Bonhomme.  Adem\u00e1s de la importante poeta nacional Paula Ilabaca, quien presentar\u00e1 su \u00faltimo libro \u201cLa perla suelta\u201d. Paula Ilabaca es uno de los referentes de la poes\u00eda chilena actual y tambi\u00e9n de Latinoam\u00e9rica. Importante es destacar que este interesante evento es gratuito y todos los yungayinos quedan invitados a escuchar poes\u00eda. Informaci\u00f3n enviada por Santiago Bonhomme, escritor y conductor del programa \u00bb Libro Parlante\u00bb.<br \/>\n<a href=\"http:\/\/www.yungayino.cl\/noticias\/?p=2530#comments\">Comente Aqu\u00ed<\/a><\/font><\/p>\n","protected":false},"excerpt":{"rendered":"<p>El programa radial \u201cLibro parlante\u201d, con el patrocinio de la Municipalidad de Yungay, invitan cordialmente al evento literario \u201cPoes\u00eda en Yungay\u201d, el cual se llevar\u00e1 a cabo el d\u00eda s\u00e1bado 28 de noviembre, en&#46;&#46;&#46;<\/p>\n","protected":false},"author":2,"featured_media":15172,"comment_status":"open","ping_status":"open","sticky":false,"template":"","format":"standard","meta":{"footnotes":""},"categories":[1],"tags":[113,1115,114,8,6],"class_list":["post-2530","post","type-post","status-publish","format-standard","has-post-thumbnail","hentry","category-noticias","tag-libro-parlante","tag-noticias","tag-paula-ilabaca","tag-yungay","tag-yungayino"],"_links":{"self":[{"href":"https:\/\/www.yungayino.cl\/noticias\/index.php?rest_route=\/wp\/v2\/posts\/2530","targetHints":{"allow":["GET"]}}],"collection":[{"href":"https:\/\/www.yungayino.cl\/noticias\/index.php?rest_route=\/wp\/v2\/posts"}],"about":[{"href":"https:\/\/www.yungayino.cl\/noticias\/index.php?rest_route=\/wp\/v2\/types\/post"}],"author":[{"embeddable":true,"href":"https:\/\/www.yungayino.cl\/noticias\/index.php?rest_route=\/wp\/v2\/users\/2"}],"replies":[{"embeddable":true,"href":"https:\/\/www.yungayino.cl\/noticias\/index.php?rest_route=%2Fwp%2Fv2%2Fcomments&post=2530"}],"version-history":[{"count":3,"href":"https:\/\/www.yungayino.cl\/noticias\/index.php?rest_route=\/wp\/v2\/posts\/2530\/revisions"}],"predecessor-version":[{"id":2533,"href":"https:\/\/www.yungayino.cl\/noticias\/index.php?rest_route=\/wp\/v2\/posts\/2530\/revisions\/2533"}],"wp:featuredmedia":[{"embeddable":true,"href":"https:\/\/www.yungayino.cl\/noticias\/index.php?rest_route=\/wp\/v2\/media\/15172"}],"wp:attachment":[{"href":"https:\/\/www.yungayino.cl\/noticias\/index.php?rest_route=%2Fwp%2Fv2%2Fmedia&parent=2530"}],"wp:term":[{"taxonomy":"category","embeddable":true,"href":"https:\/\/www.yungayino.cl\/noticias\/index.php?rest_route=%2Fwp%2Fv2%2Fcategories&post=2530"},{"taxonomy":"post_tag","embeddable":true,"href":"https:\/\/www.yungayino.cl\/noticias\/index.php?rest_route=%2Fwp%2Fv2%2Ftags&post=2530"}],"curies":[{"name":"wp","href":"https:\/\/api.w.org\/{rel}","templated":true}]}}