{"id":25303,"date":"2021-11-05T07:00:00","date_gmt":"2021-11-05T10:00:00","guid":{"rendered":"http:\/\/www.yungayino.cl\/noticias\/?p=25303"},"modified":"2021-11-03T18:49:20","modified_gmt":"2021-11-03T21:49:20","slug":"autoridades-de-nuble-premian-a-ganadores-de-concursos-de-cueca-y-pintura-escolares","status":"publish","type":"post","link":"https:\/\/www.yungayino.cl\/noticias\/?p=25303","title":{"rendered":"Autoridades de \u00d1uble Premian a Ganadores de Concursos de Cueca y Pintura Escolares"},"content":{"rendered":"<p><img loading=\"lazy\" decoding=\"async\" class=\"alignnone size-full wp-image-25304\" src=\"http:\/\/www.yungayino.cl\/noticias\/wp-content\/uploads\/2021\/11\/2..jpg\" alt=\"\" width=\"700\" height=\"700\" srcset=\"https:\/\/www.yungayino.cl\/noticias\/wp-content\/uploads\/2021\/11\/2..jpg 700w, https:\/\/www.yungayino.cl\/noticias\/wp-content\/uploads\/2021\/11\/2.-300x300.jpg 300w, https:\/\/www.yungayino.cl\/noticias\/wp-content\/uploads\/2021\/11\/2.-150x150.jpg 150w, https:\/\/www.yungayino.cl\/noticias\/wp-content\/uploads\/2021\/11\/2.-80x80.jpg 80w, https:\/\/www.yungayino.cl\/noticias\/wp-content\/uploads\/2021\/11\/2.-320x320.jpg 320w\" sizes=\"auto, (max-width: 700px) 100vw, 700px\" \/><\/p>\n<p style=\"text-align: justify;\">\u00d1uble, noviembre 2021: Participaron estudiantes de ense\u00f1anza b\u00e1sica y media de las 21 comunas de la regi\u00f3n.<\/p>\n<p style=\"text-align: justify;\">Con el fin de fomentar las habilidades art\u00edsticas de los alumnos de \u00d1uble, la Secretar\u00eda Regional Ministerial de Educaci\u00f3n de \u00d1uble realiz\u00f3 v\u00eda remota por la pandemia Covid-19, los tradicionales Concursos de Cueca Regional 2021 y Pict\u00f3rico Mes de la Monta\u00f1a.<\/p>\n<p style=\"text-align: justify;\">En la Explanada de la Delegaci\u00f3n Presidencial se llev\u00f3 a cabo la premiaci\u00f3n de ambos concursos. La ceremonia cont\u00f3 con la presencia del Delegado Presidencial, Crist\u00f3bal Jardua, el Seremi de Educaci\u00f3n, Patricio Parejas, autoridades de las distintas comunas de la regi\u00f3n, apoderados y estudiantes de diferentes establecimientos educacionales.<\/p>\n<p style=\"text-align: justify;\">El Delegado Presidencial, Crist\u00f3bal Jardua, destac\u00f3 el proceso de vacunaci\u00f3n que permiti\u00f3 la realizaci\u00f3n de la actividad de manera presencial \u201cquiero felicitar a todos los participantes, nuestros estudiantes de la regi\u00f3n de \u00d1uble que fueron parte de este concurso, quienes, independiente del resultado, todos son ganadores. Es importante que en los colegios de \u00d1uble se inculque el desarrollo art\u00edstico de los j\u00f3venes, para formar personas integrales, y hoy gracias al trabajo que ha realizado este gobierno en materia sanitaria, podemos ver c\u00f3mo nos podemos volver a reunir y realizar estas actividades presenciales, siendo esencial la vacunaci\u00f3n, que hoy nos tiene como regi\u00f3n con el 100% de nuestro p\u00fablico objetivo mayor de 18 a\u00f1os, inoculado y seguimos vacunado tambi\u00e9n a nuestros estudiantes para que puedan desarrollar estas actividades con seguridad\u201d<\/p>\n<p style=\"text-align: justify;\">Por otra parte, el Seremi de Educaci\u00f3n, Patricio Parejas, se\u00f1al\u00f3 que la premiaci\u00f3n fue todo un \u00e9xito \u201ceste tipo de concursos fomentan la cultura, en este caso a trav\u00e9s de la pintura y el baile que sirven para mantener vivas las tradiciones de nuestro pa\u00eds. Vimos a estudiantes y apoderados felices de reencontrarse y poder compartir. Tambi\u00e9n valoramos como Mineduc que un 100% de las escuelas y colegios de \u00d1uble se encuentren con clases presenciales. Ha sido un gran trabajo de toda la comunidad educativa\u201d.<\/p>\n<p style=\"text-align: justify;\">Debido a la pandemia por Covid-19, el concurso fue de manera online. Por ende, los participantes tuvieron que enviar sus dibujos y\/o videos bailando entre el 1 y 20 de septiembre y los resultados se anunciaron el 5 del presente mes. Cabe destacar que participaron alumnos de las 21 comunas de la regi\u00f3n.<\/p>\n<p style=\"text-align: justify;\">Josefa Oyarzun Andia es estudiante del Liceo Bicentenario Domingo Ortiz de Rozas de Coelemu y junto a su pareja de baile son los ganadores del Concurso de Cueca en la categor\u00eda Huasa Educaci\u00f3n Media. La joven se refiri\u00f3 al esfuerzo y trabajo que hubo para conseguir el primer lugar \u201ccuando supimos que ganamos no pod\u00edamos creerlo, esto es un gran logro porque es la primera vez que Coelemu saca campeones regionales a nivel escolar. Nos preparamos durante meses, grabamos muchos videos, el liceo y la monitora se portaron muy bien con nosotros, en todo momento estuvieron presente\u201d.<\/p>\n<p style=\"text-align: justify;\">Mientras que el ganador en el Concurso Pict\u00f3rico Regional mes de la Monta\u00f1a categor\u00eda Educaci\u00f3n Media, fue Rodrigo Cancino del Liceo Bicentenario de Excelencia Juvenal Hern\u00e1ndez Jaque de la comuna de El Carmen.<\/p>\n<p style=\"text-align: justify;\">\u201cEstoy muy contento, he pasado bastante tiempo cultivando el talento y tratando de mejorar cada vez m\u00e1s. Esta es una muy buena iniciativa, espero que no se pierdan y que sigan realizando este tipo de concursos, porque esta es la forma para seguir motiv\u00e1ndose con la pintura\u201d, indic\u00f3 el primer lugar del concurso pict\u00f3rico de cuarto medio.<\/p>\n<p style=\"text-align: justify;\">Yungay fue representado por los estudiantes Marcelo saldias y Bel\u00e9n Zapata, quienes obtuvieron el tercer lugar regional en la categor\u00eda cueca huasa ense\u00f1anza b\u00e1sica.<\/p>\n<p style=\"text-align: justify;\">Por otra parte Eliud Leiva y Martina Riquelme obtuvieron el segundo lugar regional en la categor\u00eda cueca huasa ense\u00f1anza media.<\/p>\n","protected":false},"excerpt":{"rendered":"<p>\u00d1uble, noviembre 2021: Participaron estudiantes de ense\u00f1anza b\u00e1sica y media de las 21 comunas de la regi\u00f3n. Con el fin de fomentar las habilidades art\u00edsticas de los alumnos de \u00d1uble, la Secretar\u00eda Regional Ministerial&#46;&#46;&#46;<\/p>\n","protected":false},"author":2,"featured_media":25304,"comment_status":"closed","ping_status":"open","sticky":false,"template":"","format":"standard","meta":{"footnotes":""},"categories":[1],"tags":[1115,8,6,117],"class_list":["post-25303","post","type-post","status-publish","format-standard","has-post-thumbnail","hentry","category-noticias","tag-noticias","tag-yungay","tag-yungayino","tag-yungayinocl"],"_links":{"self":[{"href":"https:\/\/www.yungayino.cl\/noticias\/index.php?rest_route=\/wp\/v2\/posts\/25303","targetHints":{"allow":["GET"]}}],"collection":[{"href":"https:\/\/www.yungayino.cl\/noticias\/index.php?rest_route=\/wp\/v2\/posts"}],"about":[{"href":"https:\/\/www.yungayino.cl\/noticias\/index.php?rest_route=\/wp\/v2\/types\/post"}],"author":[{"embeddable":true,"href":"https:\/\/www.yungayino.cl\/noticias\/index.php?rest_route=\/wp\/v2\/users\/2"}],"replies":[{"embeddable":true,"href":"https:\/\/www.yungayino.cl\/noticias\/index.php?rest_route=%2Fwp%2Fv2%2Fcomments&post=25303"}],"version-history":[{"count":1,"href":"https:\/\/www.yungayino.cl\/noticias\/index.php?rest_route=\/wp\/v2\/posts\/25303\/revisions"}],"predecessor-version":[{"id":25305,"href":"https:\/\/www.yungayino.cl\/noticias\/index.php?rest_route=\/wp\/v2\/posts\/25303\/revisions\/25305"}],"wp:featuredmedia":[{"embeddable":true,"href":"https:\/\/www.yungayino.cl\/noticias\/index.php?rest_route=\/wp\/v2\/media\/25304"}],"wp:attachment":[{"href":"https:\/\/www.yungayino.cl\/noticias\/index.php?rest_route=%2Fwp%2Fv2%2Fmedia&parent=25303"}],"wp:term":[{"taxonomy":"category","embeddable":true,"href":"https:\/\/www.yungayino.cl\/noticias\/index.php?rest_route=%2Fwp%2Fv2%2Fcategories&post=25303"},{"taxonomy":"post_tag","embeddable":true,"href":"https:\/\/www.yungayino.cl\/noticias\/index.php?rest_route=%2Fwp%2Fv2%2Ftags&post=25303"}],"curies":[{"name":"wp","href":"https:\/\/api.w.org\/{rel}","templated":true}]}}