{"id":25309,"date":"2021-11-06T07:00:53","date_gmt":"2021-11-06T10:00:53","guid":{"rendered":"http:\/\/www.yungayino.cl\/noticias\/?p=25309"},"modified":"2021-11-03T18:52:11","modified_gmt":"2021-11-03T21:52:11","slug":"bono-logro-escolar-llega-a-mas-de-8-mil-estudiantes-de-la-region-de-nuble","status":"publish","type":"post","link":"https:\/\/www.yungayino.cl\/noticias\/?p=25309","title":{"rendered":"Bono Logro Escolar Llega a M\u00e1s de 8 Mil Estudiantes de la Regi\u00f3n de \u00d1uble"},"content":{"rendered":"<p><img loading=\"lazy\" decoding=\"async\" class=\"alignnone size-full wp-image-25310\" src=\"http:\/\/www.yungayino.cl\/noticias\/wp-content\/uploads\/2021\/11\/bono-logro-escolar.jpg\" alt=\"\" width=\"700\" height=\"350\" srcset=\"https:\/\/www.yungayino.cl\/noticias\/wp-content\/uploads\/2021\/11\/bono-logro-escolar.jpg 700w, https:\/\/www.yungayino.cl\/noticias\/wp-content\/uploads\/2021\/11\/bono-logro-escolar-300x150.jpg 300w\" sizes=\"auto, (max-width: 700px) 100vw, 700px\" \/><\/p>\n<p style=\"text-align: justify;\">\u00d1uble, noviembre 2021: A trav\u00e9s de una simb\u00f3lica ceremonia realizada esta semana en la Escuela Jos\u00e9 Mar\u00eda Caro Rodr\u00edguez de Chill\u00e1n, la Seremi de Desarrollo Social y Familia, Doris Osses, distingui\u00f3 a los m\u00e1s de 8 mil escolares que en la regi\u00f3n de \u00d1uble han recibido este 2021 el Bono Logro Escolar.<\/p>\n<p style=\"text-align: justify;\">Este beneficio es parte del Subsistema de Seguridades y Oportunidades del Ingreso \u00c9tico Familiar y est\u00e1 destinado a ni\u00f1os y j\u00f3venes que se encuentran dentro del 30% de mejor rendimiento acad\u00e9mico de su promoci\u00f3n, cursan entre quinto b\u00e1sico y cuarto medio y pertenecen al 30% de mayor vulnerabilidad socioecon\u00f3mica.<\/p>\n<p style=\"text-align: justify;\">Durante el acto ceremonial que distingui\u00f3 particularmente a ocho alumnos del establecimiento, la autoridad regional expres\u00f3 que este es \u201cun reconocimiento al estudio y dedicaci\u00f3n de los alumnos y eso es importante de destacar para seguir motivando a que muchos m\u00e1s se sumen a esta tarea de cumplir sus metas. En la regi\u00f3n de \u00d1uble, son 8.189 alumnos que lo reciben y esperamos que el pr\u00f3ximo a\u00f1o sean muchos m\u00e1s quienes tengan este reconocimiento a su esfuerzo y dedicaci\u00f3n\u201d, indic\u00f3 la Seremi, Doris Osses.<\/p>\n<p style=\"text-align: justify;\">Por su parte, el Director del Departamento de Educaci\u00f3n Municipal de Chill\u00e1n, Marco Aguilera, destac\u00f3 que en la capital regional existen m\u00e1s de dos mil alumnos que ya han recibido este incentivo. Asimismo, el Jefe de DAEM destac\u00f3 que \u201cesta pol\u00edtica p\u00fablica es un reconocimiento a los alumnos, a los pap\u00e1s, y a nuestras escuelas, que tambi\u00e9n hacen un esfuerzo d\u00eda a d\u00eda por educar y formar a nuestros hijos e hijas y, particularmente, a estos ni\u00f1os que han ido un poco m\u00e1s all\u00e1 con su rendimiento acad\u00e9mico\u201d, expres\u00f3 el directivo.<\/p>\n<p style=\"text-align: justify;\">Francisca Riffo, estudiante de octavo a\u00f1o del establecimiento, tuvo palabras de agradecimiento durante la actividad y declar\u00f3 que \u201cme esfuerzo mucho para alcanzar las notas que tengo, presto mucha atenci\u00f3n y gracias a mis profesores me gu\u00edo; estoy muy agradecida por esta oportunidad\u201d, sostuvo.<\/p>\n<p style=\"text-align: justify;\">El monto a entregar a los alumnos y alumnas con excelencia acad\u00e9mica durante el a\u00f1o acad\u00e9mico es de $63.842 para aquellos que se encuentren dentro del 15% de mejor rendimiento de su promoci\u00f3n, y de $38.307 para los estudiantes que se encuentren entre el 15% y el 30% de mejor rendimiento.<\/p>\n<p style=\"text-align: justify;\">La modalidad de pago del Bono, disponible desde el 16 de septiembre de 2021, es a trav\u00e9s de Cuenta Rut o dep\u00f3sito bancario.<\/p>\n","protected":false},"excerpt":{"rendered":"<p>\u00d1uble, noviembre 2021: A trav\u00e9s de una simb\u00f3lica ceremonia realizada esta semana en la Escuela Jos\u00e9 Mar\u00eda Caro Rodr\u00edguez de Chill\u00e1n, la Seremi de Desarrollo Social y Familia, Doris Osses, distingui\u00f3 a los m\u00e1s&#46;&#46;&#46;<\/p>\n","protected":false},"author":2,"featured_media":25310,"comment_status":"closed","ping_status":"open","sticky":false,"template":"","format":"standard","meta":{"footnotes":""},"categories":[1493,1],"tags":[2361,366,1115,8,6,117],"class_list":["post-25309","post","type-post","status-publish","format-standard","has-post-thumbnail","hentry","category-educacion","category-noticias","tag-bono-logro-escolar","tag-educacion","tag-noticias","tag-yungay","tag-yungayino","tag-yungayinocl"],"_links":{"self":[{"href":"https:\/\/www.yungayino.cl\/noticias\/index.php?rest_route=\/wp\/v2\/posts\/25309","targetHints":{"allow":["GET"]}}],"collection":[{"href":"https:\/\/www.yungayino.cl\/noticias\/index.php?rest_route=\/wp\/v2\/posts"}],"about":[{"href":"https:\/\/www.yungayino.cl\/noticias\/index.php?rest_route=\/wp\/v2\/types\/post"}],"author":[{"embeddable":true,"href":"https:\/\/www.yungayino.cl\/noticias\/index.php?rest_route=\/wp\/v2\/users\/2"}],"replies":[{"embeddable":true,"href":"https:\/\/www.yungayino.cl\/noticias\/index.php?rest_route=%2Fwp%2Fv2%2Fcomments&post=25309"}],"version-history":[{"count":1,"href":"https:\/\/www.yungayino.cl\/noticias\/index.php?rest_route=\/wp\/v2\/posts\/25309\/revisions"}],"predecessor-version":[{"id":25311,"href":"https:\/\/www.yungayino.cl\/noticias\/index.php?rest_route=\/wp\/v2\/posts\/25309\/revisions\/25311"}],"wp:featuredmedia":[{"embeddable":true,"href":"https:\/\/www.yungayino.cl\/noticias\/index.php?rest_route=\/wp\/v2\/media\/25310"}],"wp:attachment":[{"href":"https:\/\/www.yungayino.cl\/noticias\/index.php?rest_route=%2Fwp%2Fv2%2Fmedia&parent=25309"}],"wp:term":[{"taxonomy":"category","embeddable":true,"href":"https:\/\/www.yungayino.cl\/noticias\/index.php?rest_route=%2Fwp%2Fv2%2Fcategories&post=25309"},{"taxonomy":"post_tag","embeddable":true,"href":"https:\/\/www.yungayino.cl\/noticias\/index.php?rest_route=%2Fwp%2Fv2%2Ftags&post=25309"}],"curies":[{"name":"wp","href":"https:\/\/api.w.org\/{rel}","templated":true}]}}