{"id":25312,"date":"2021-11-06T08:00:17","date_gmt":"2021-11-06T11:00:17","guid":{"rendered":"http:\/\/www.yungayino.cl\/noticias\/?p=25312"},"modified":"2021-11-03T18:53:27","modified_gmt":"2021-11-03T21:53:27","slug":"gobierno-regional-y-corfo-dan-a-conocer-programa-territorial-integrado-de-montana-nevados-de-chillan-y-valle-las-trancas","status":"publish","type":"post","link":"https:\/\/www.yungayino.cl\/noticias\/?p=25312","title":{"rendered":"Gobierno Regional y Corfo Dan a Conocer Programa Territorial Integrado de Monta\u00f1a \u2013 Nevados de Chill\u00e1n y Valle Las Trancas"},"content":{"rendered":"<p><img loading=\"lazy\" decoding=\"async\" class=\"alignnone size-full wp-image-25313\" src=\"http:\/\/www.yungayino.cl\/noticias\/wp-content\/uploads\/2021\/11\/nuble.jpg\" alt=\"\" width=\"700\" height=\"350\" srcset=\"https:\/\/www.yungayino.cl\/noticias\/wp-content\/uploads\/2021\/11\/nuble.jpg 700w, https:\/\/www.yungayino.cl\/noticias\/wp-content\/uploads\/2021\/11\/nuble-300x150.jpg 300w\" sizes=\"auto, (max-width: 700px) 100vw, 700px\" \/><\/p>\n<p style=\"text-align: justify;\">Noviembre 2021: Son $ 137.000.000 destinados este primer a\u00f1o a este programa que busca romper la estacionalidad del destino de monta\u00f1a.<\/p>\n<p style=\"text-align: justify;\">Mitigar la estacionalidad en el Valle Las Trancas y posicionar la zona como un destino relevante de cicloturismo y turismo aventura a nivel nacional y sudamericano, son algunos de los objetivos que tiene el Programa Territorial Integrado (PTI) de Monta\u00f1a &#8211; Nevados de Chill\u00e1n y Valle Las trancas que dio a conocer el Gobernador Regional, \u00d3scar Cris\u00f3stomo junto al Director Regional de Corfo, Daniel Sep\u00falveda.<\/p>\n<p style=\"text-align: justify;\">Dentro de las transferencias de competencias a Gobiernos Regionales, corresponde que Corfo transfiera los PTI, Bienes P\u00fablicos y Focales. En este caso implicar\u00e1 una inversi\u00f3n de $ 137.000.000 para este primer a\u00f1o y se suma a los programas que actualmente se est\u00e1n ejecutando en la regi\u00f3n sobre Enoturismo Ancestral del Valle del Itata, de Industrias Creativas, con foco en los sectores m\u00fasica y audiovisual y de Arroz.<\/p>\n<p style=\"text-align: justify;\">Gobernador Cris\u00f3stomo explic\u00f3 que este \u201ces un programa que busca generar un modelo territorial de gesti\u00f3n que vaya potenciando, no solamente a nivel local este gran sector tur\u00edstico, sino que tambi\u00e9n a nivel nacional y de proyecci\u00f3n internacional. Estamos junto a Corfo porque, dentro de las competencias que nos dio la ley, hay ciertas competencias que est\u00e1n enmarcadas en programas de inter\u00e9s regional y uno de esos es particularmente este que es financiado por Corfo, pero que tiene que tener correlato con lo que estamos haciendo desde el Gobierno Regional\u201d.<\/p>\n<p style=\"text-align: justify;\">Por su parte, el Director de Corfo \u00d1uble, Daniel Sep\u00falveda precis\u00f3 que \u201cromper la estacionalidad es una de las metas de este programa, por lo tanto, del territorio nos pidieron analizar y hacer una validaci\u00f3n estrat\u00e9gica que acaba de terminar y pas\u00f3 por un comit\u00e9 de asignaci\u00f3n de fomento de Corfo donde nos dieron el visto bueno y nos asignaron recursos por 137 millones para el primer a\u00f1o de este programa que significar\u00e1 fortalecer el turismo de naturaleza de monta\u00f1a y el objetivo es posicionarnos como el principal destino tur\u00edstico de monta\u00f1a del pa\u00eds\u201d.<\/p>\n<p style=\"text-align: justify;\">En esa l\u00ednea el Jefe de la Divisi\u00f3n de Fomento e Industria, Osvaldo Alcayaga, destac\u00f3 que \u201ceste programa tiene un componente muy importante para nosotros como Gobierno Regional porque tiene un modelo de trabajo\u00a0 p\u00fablico \u2013 privado, aqu\u00ed inicialmente van a converger m\u00e1s de 60 actores distintos entre privado, municipio e instituciones p\u00fablicas para dise\u00f1ar una estrategia para romper la estacionalidad e integrar este sector a la econom\u00eda regional de una forma arm\u00f3nica, por lo tanto, esta es una nueva forma de trabajo donde las brechas y requerimientos de los territorios van a ser escuchados por el Gobierno Regional y se van a planificar en forma conjunta\u201d.<\/p>\n","protected":false},"excerpt":{"rendered":"<p>Noviembre 2021: Son $ 137.000.000 destinados este primer a\u00f1o a este programa que busca romper la estacionalidad del destino de monta\u00f1a. Mitigar la estacionalidad en el Valle Las Trancas y posicionar la zona como&#46;&#46;&#46;<\/p>\n","protected":false},"author":2,"featured_media":25313,"comment_status":"closed","ping_status":"open","sticky":false,"template":"","format":"standard","meta":{"footnotes":""},"categories":[1],"tags":[728,2549,1115,2548,8,6,117],"class_list":["post-25312","post","type-post","status-publish","format-standard","has-post-thumbnail","hentry","category-noticias","tag-chillan","tag-nevados-de-chillan","tag-noticias","tag-valle-las-trancas","tag-yungay","tag-yungayino","tag-yungayinocl"],"_links":{"self":[{"href":"https:\/\/www.yungayino.cl\/noticias\/index.php?rest_route=\/wp\/v2\/posts\/25312","targetHints":{"allow":["GET"]}}],"collection":[{"href":"https:\/\/www.yungayino.cl\/noticias\/index.php?rest_route=\/wp\/v2\/posts"}],"about":[{"href":"https:\/\/www.yungayino.cl\/noticias\/index.php?rest_route=\/wp\/v2\/types\/post"}],"author":[{"embeddable":true,"href":"https:\/\/www.yungayino.cl\/noticias\/index.php?rest_route=\/wp\/v2\/users\/2"}],"replies":[{"embeddable":true,"href":"https:\/\/www.yungayino.cl\/noticias\/index.php?rest_route=%2Fwp%2Fv2%2Fcomments&post=25312"}],"version-history":[{"count":1,"href":"https:\/\/www.yungayino.cl\/noticias\/index.php?rest_route=\/wp\/v2\/posts\/25312\/revisions"}],"predecessor-version":[{"id":25314,"href":"https:\/\/www.yungayino.cl\/noticias\/index.php?rest_route=\/wp\/v2\/posts\/25312\/revisions\/25314"}],"wp:featuredmedia":[{"embeddable":true,"href":"https:\/\/www.yungayino.cl\/noticias\/index.php?rest_route=\/wp\/v2\/media\/25313"}],"wp:attachment":[{"href":"https:\/\/www.yungayino.cl\/noticias\/index.php?rest_route=%2Fwp%2Fv2%2Fmedia&parent=25312"}],"wp:term":[{"taxonomy":"category","embeddable":true,"href":"https:\/\/www.yungayino.cl\/noticias\/index.php?rest_route=%2Fwp%2Fv2%2Fcategories&post=25312"},{"taxonomy":"post_tag","embeddable":true,"href":"https:\/\/www.yungayino.cl\/noticias\/index.php?rest_route=%2Fwp%2Fv2%2Ftags&post=25312"}],"curies":[{"name":"wp","href":"https:\/\/api.w.org\/{rel}","templated":true}]}}