{"id":25319,"date":"2021-11-05T14:00:40","date_gmt":"2021-11-05T17:00:40","guid":{"rendered":"http:\/\/www.yungayino.cl\/noticias\/?p=25319"},"modified":"2021-11-05T15:11:05","modified_gmt":"2021-11-05T18:11:05","slug":"inauguracion-patio-de-luz-sandra-correa-aedo-en-colegio-nueva-esperanza-de-yungay","status":"publish","type":"post","link":"https:\/\/www.yungayino.cl\/noticias\/?p=25319","title":{"rendered":"Inauguraci\u00f3n Patio de Luz \u201cSandra Correa Aedo\u201d en Colegio Nueva Esperanza de Yungay"},"content":{"rendered":"<p><img loading=\"lazy\" decoding=\"async\" class=\"alignnone size-full wp-image-25320\" src=\"http:\/\/www.yungayino.cl\/noticias\/wp-content\/uploads\/2021\/11\/patio-luz.jpg\" alt=\"\" width=\"700\" height=\"350\" srcset=\"https:\/\/www.yungayino.cl\/noticias\/wp-content\/uploads\/2021\/11\/patio-luz.jpg 700w, https:\/\/www.yungayino.cl\/noticias\/wp-content\/uploads\/2021\/11\/patio-luz-300x150.jpg 300w\" sizes=\"auto, (max-width: 700px) 100vw, 700px\" \/><\/p>\n<p style=\"text-align: justify;\">Yungay, noviembre 2021: El d\u00eda 4 de noviembre se inaugur\u00f3 el tan esperado nuevo espacio al interior del colegio Nueva Esperanza de nuestra comuna, denominado \u201cPatio de Luz Sandra Correa Aedo\u201d.<\/p>\n<p style=\"text-align: justify;\">Un trabajo que su exdirectora (Q.E.P.D.), comenz\u00f3 en noviembre del a\u00f1o 2020 y que ahora ya se encuentra habilitado para toda la comunidad educativa.<\/p>\n<p style=\"text-align: justify;\">El padre Boanerges Correa L\u00f3pez, p\u00e1rroco de Yungay, fue quien dio la bendici\u00f3n e inauguraci\u00f3n del nuevo Patio de Luz.<\/p>\n","protected":false},"excerpt":{"rendered":"<p>Yungay, noviembre 2021: El d\u00eda 4 de noviembre se inaugur\u00f3 el tan esperado nuevo espacio al interior del colegio Nueva Esperanza de nuestra comuna, denominado \u201cPatio de Luz Sandra Correa Aedo\u201d. Un trabajo que&#46;&#46;&#46;<\/p>\n","protected":false},"author":2,"featured_media":25320,"comment_status":"closed","ping_status":"open","sticky":false,"template":"","format":"standard","meta":{"footnotes":""},"categories":[1],"tags":[320,1115,8,6,117],"class_list":["post-25319","post","type-post","status-publish","format-standard","has-post-thumbnail","hentry","category-noticias","tag-colegio-nueva-esperanza","tag-noticias","tag-yungay","tag-yungayino","tag-yungayinocl"],"_links":{"self":[{"href":"https:\/\/www.yungayino.cl\/noticias\/index.php?rest_route=\/wp\/v2\/posts\/25319","targetHints":{"allow":["GET"]}}],"collection":[{"href":"https:\/\/www.yungayino.cl\/noticias\/index.php?rest_route=\/wp\/v2\/posts"}],"about":[{"href":"https:\/\/www.yungayino.cl\/noticias\/index.php?rest_route=\/wp\/v2\/types\/post"}],"author":[{"embeddable":true,"href":"https:\/\/www.yungayino.cl\/noticias\/index.php?rest_route=\/wp\/v2\/users\/2"}],"replies":[{"embeddable":true,"href":"https:\/\/www.yungayino.cl\/noticias\/index.php?rest_route=%2Fwp%2Fv2%2Fcomments&post=25319"}],"version-history":[{"count":1,"href":"https:\/\/www.yungayino.cl\/noticias\/index.php?rest_route=\/wp\/v2\/posts\/25319\/revisions"}],"predecessor-version":[{"id":25321,"href":"https:\/\/www.yungayino.cl\/noticias\/index.php?rest_route=\/wp\/v2\/posts\/25319\/revisions\/25321"}],"wp:featuredmedia":[{"embeddable":true,"href":"https:\/\/www.yungayino.cl\/noticias\/index.php?rest_route=\/wp\/v2\/media\/25320"}],"wp:attachment":[{"href":"https:\/\/www.yungayino.cl\/noticias\/index.php?rest_route=%2Fwp%2Fv2%2Fmedia&parent=25319"}],"wp:term":[{"taxonomy":"category","embeddable":true,"href":"https:\/\/www.yungayino.cl\/noticias\/index.php?rest_route=%2Fwp%2Fv2%2Fcategories&post=25319"},{"taxonomy":"post_tag","embeddable":true,"href":"https:\/\/www.yungayino.cl\/noticias\/index.php?rest_route=%2Fwp%2Fv2%2Ftags&post=25319"}],"curies":[{"name":"wp","href":"https:\/\/api.w.org\/{rel}","templated":true}]}}