{"id":25322,"date":"2021-11-08T07:00:46","date_gmt":"2021-11-08T10:00:46","guid":{"rendered":"http:\/\/www.yungayino.cl\/noticias\/?p=25322"},"modified":"2021-11-05T15:13:57","modified_gmt":"2021-11-05T18:13:57","slug":"servicio-de-salud-nuble-se-reunio-con-agrupaciones-de-usuarios-para-informar-avances-del-futuro-centro-oncologico","status":"publish","type":"post","link":"https:\/\/www.yungayino.cl\/noticias\/?p=25322","title":{"rendered":"Servicio de Salud \u00d1uble se Reuni\u00f3 con Agrupaciones de Usuarios Para Informar Avances del Futuro Centro Oncol\u00f3gico"},"content":{"rendered":"<p><img loading=\"lazy\" decoding=\"async\" class=\"alignnone size-full wp-image-25323\" src=\"http:\/\/www.yungayino.cl\/noticias\/wp-content\/uploads\/2021\/11\/Reunion-Centro-Oncologico.jpg\" alt=\"\" width=\"700\" height=\"350\" srcset=\"https:\/\/www.yungayino.cl\/noticias\/wp-content\/uploads\/2021\/11\/Reunion-Centro-Oncologico.jpg 700w, https:\/\/www.yungayino.cl\/noticias\/wp-content\/uploads\/2021\/11\/Reunion-Centro-Oncologico-300x150.jpg 300w\" sizes=\"auto, (max-width: 700px) 100vw, 700px\" \/><\/p>\n<p style=\"text-align: justify;\">\u00d1uble, noviembre 2021: Representantes de Un Onc\u00f3logo para \u00d1uble y la organizaci\u00f3n Abrazar la Vida participaron en el encuentro, que es parte de una serie de instancias donde la instituci\u00f3n p\u00fablica busca mantener informada a la comunidad sobre el progreso del proyecto.<\/p>\n<p style=\"text-align: justify;\">A fines de octubre, el Servicio de Salud \u00d1uble anunci\u00f3 la entrega del estudio preinversional del futuro Centro Oncol\u00f3gico de la Regi\u00f3n. Se trata de uno de los primeros pasos para dar vida a esta anhelada iniciativa, incluida en el Plan Nacional del C\u00e1ncer.<\/p>\n<p style=\"text-align: justify;\">El documento se encuentra en etapa de an\u00e1lisis por los equipos del Ministerio de Salud, que por ley, es la instituci\u00f3n a cargo de determinar si la viabilidad t\u00e9cnica y pertinencia del proyecto.<\/p>\n<p style=\"text-align: justify;\">Para informar el progreso, pero tambi\u00e9n de los pasos a seguir en esta materia, autoridades del SS\u00d1 se reunieron con representantes de las agrupaciones Un Onc\u00f3logo para \u00d1uble y Abrazar la Vida, quienes conocieron los detalles del estudio preinversional recientemente entregado.<\/p>\n<p style=\"text-align: justify;\">Al respecto, la Directora (s) de la instituci\u00f3n, Elizabeth Abarca, expres\u00f3 que \u201cnos interesa avanzar de la mano de la comunidad, por ello, nos comprometimos desde el primer momento con estas agrupaciones, a ir d\u00e1ndoles cuenta de cada uno de los hitos del proyecto y es algo con lo que estamos cumpliendo\u201d.<\/p>\n<p style=\"text-align: justify;\">\u201cEsta vez, les contamos este nuevo paso, la entrega del estudio preinversional que explica en detalle el por qu\u00e9 es necesario contar con este nuevo servicio en nuestro territorio. Adem\u00e1s, les explicamos por qu\u00e9 se analizan tres posibles emplazamientos para esta obra; lo que ser\u00e1 definido de acuerdo con el estudio t\u00e9cnico que efect\u00faan los expertos del Ministerio de Salud. Recordemos que entre los eventuales lugares se eval\u00faa el actual Hospital Herminda Mart\u00edn, parte de los terrenos del ex grupo Escolar, donados por la Municipalidad de Chill\u00e1n y la habilitaci\u00f3n de un espacio en el futuro Hospital Regional de \u00d1uble\u201d, detall\u00f3 la directiva.<\/p>\n<p style=\"text-align: justify;\">\u201cEstoy muy contenta e interesada en conocer lo que se est\u00e1 haciendo\u201d<\/p>\n<p style=\"text-align: justify;\">Paulina Castro, miembro de la agrupaci\u00f3n Abrazar la Vida, valor\u00f3 el encuentro, que permite ver el progreso de la iniciativa: \u201cEs muy relevante todo el esfuerzo que se est\u00e1 haciendo desde el Servicio de Salud \u00d1uble para poder avanzar con mayor agilidad en este proyecto. Me parece que es un esfuerzo grande el que se hizo y quedamos todos a la espera saber c\u00f3mo se acoge el estudio preinversional\u201d.<\/p>\n<p style=\"text-align: justify;\">\u201cEn mi caso, llevo m\u00e1s de cuatro a\u00f1os en tratamiento, gracias a la gesti\u00f3n de la unidad y de mi doctor, me estoy tratando en este momento con dos medicamentos de la Ley Ricarte Soto. He tenido que viajar constantemente para mi radioterapia, no as\u00ed para mis quimios, y s\u00e9 lo que significa trasladarse desde muy temprano, a veces con un clima adverso a Concepci\u00f3n o a Talca para ex\u00e1menes, entonces claro, para uno como usuaria es sumamente importante obtener en un solo lugar todas las prestaciones que uno necesita\u201d, a\u00f1adi\u00f3 Paulina<\/p>\n<p style=\"text-align: justify;\">La usuaria indic\u00f3 estar esperanzada con el proyecto: \u201cEstoy muy contenta e interesada en conocer las gestiones que se est\u00e1n haciendo para dar opiniones como usuaria. Espero que este proyecto por fin vea la luz, s\u00e9 que falta much\u00edsimo, pero con harta confianza y fe, vamos a poner el granito de arena que uno pueda colocar ahora, no s\u00e9 si estaremos ma\u00f1ana, pero todo lo que uno aporte hoy, lo van a disfrutar las personas en el futuro\u201d.<\/p>\n<p style=\"text-align: justify;\">La unidad terap\u00e9utica permitir\u00e1 la atenci\u00f3n de personas adultas diagnosticadas con esta patolog\u00eda en la red asistencial de \u00d1uble.<\/p>\n","protected":false},"excerpt":{"rendered":"<p>\u00d1uble, noviembre 2021: Representantes de Un Onc\u00f3logo para \u00d1uble y la organizaci\u00f3n Abrazar la Vida participaron en el encuentro, que es parte de una serie de instancias donde la instituci\u00f3n p\u00fablica busca mantener informada&#46;&#46;&#46;<\/p>\n","protected":false},"author":2,"featured_media":25323,"comment_status":"closed","ping_status":"open","sticky":false,"template":"","format":"standard","meta":{"footnotes":""},"categories":[1],"tags":[2501,1115,1678,65,8,6,117],"class_list":["post-25322","post","type-post","status-publish","format-standard","has-post-thumbnail","hentry","category-noticias","tag-centro-oncologico","tag-noticias","tag-nuble","tag-salud","tag-yungay","tag-yungayino","tag-yungayinocl"],"_links":{"self":[{"href":"https:\/\/www.yungayino.cl\/noticias\/index.php?rest_route=\/wp\/v2\/posts\/25322","targetHints":{"allow":["GET"]}}],"collection":[{"href":"https:\/\/www.yungayino.cl\/noticias\/index.php?rest_route=\/wp\/v2\/posts"}],"about":[{"href":"https:\/\/www.yungayino.cl\/noticias\/index.php?rest_route=\/wp\/v2\/types\/post"}],"author":[{"embeddable":true,"href":"https:\/\/www.yungayino.cl\/noticias\/index.php?rest_route=\/wp\/v2\/users\/2"}],"replies":[{"embeddable":true,"href":"https:\/\/www.yungayino.cl\/noticias\/index.php?rest_route=%2Fwp%2Fv2%2Fcomments&post=25322"}],"version-history":[{"count":1,"href":"https:\/\/www.yungayino.cl\/noticias\/index.php?rest_route=\/wp\/v2\/posts\/25322\/revisions"}],"predecessor-version":[{"id":25324,"href":"https:\/\/www.yungayino.cl\/noticias\/index.php?rest_route=\/wp\/v2\/posts\/25322\/revisions\/25324"}],"wp:featuredmedia":[{"embeddable":true,"href":"https:\/\/www.yungayino.cl\/noticias\/index.php?rest_route=\/wp\/v2\/media\/25323"}],"wp:attachment":[{"href":"https:\/\/www.yungayino.cl\/noticias\/index.php?rest_route=%2Fwp%2Fv2%2Fmedia&parent=25322"}],"wp:term":[{"taxonomy":"category","embeddable":true,"href":"https:\/\/www.yungayino.cl\/noticias\/index.php?rest_route=%2Fwp%2Fv2%2Fcategories&post=25322"},{"taxonomy":"post_tag","embeddable":true,"href":"https:\/\/www.yungayino.cl\/noticias\/index.php?rest_route=%2Fwp%2Fv2%2Ftags&post=25322"}],"curies":[{"name":"wp","href":"https:\/\/api.w.org\/{rel}","templated":true}]}}