{"id":25329,"date":"2021-11-10T07:00:47","date_gmt":"2021-11-10T10:00:47","guid":{"rendered":"http:\/\/www.yungayino.cl\/noticias\/?p=25329"},"modified":"2021-11-09T11:43:01","modified_gmt":"2021-11-09T14:43:01","slug":"inician-los-trabajos-de-extension-de-la-red-publica-de-agua-potable-en-ignacio-carrera-pinto-sector-las-antenas","status":"publish","type":"post","link":"https:\/\/www.yungayino.cl\/noticias\/?p=25329","title":{"rendered":"Inician los Trabajos de Extensi\u00f3n de la Red P\u00fablica de Agua Potable en Ignacio Carrera Pinto (Sector las Antenas)"},"content":{"rendered":"<p><img loading=\"lazy\" decoding=\"async\" class=\"alignnone size-full wp-image-25330\" src=\"http:\/\/www.yungayino.cl\/noticias\/wp-content\/uploads\/2021\/11\/red-publica.jpg\" alt=\"\" width=\"700\" height=\"350\" srcset=\"https:\/\/www.yungayino.cl\/noticias\/wp-content\/uploads\/2021\/11\/red-publica.jpg 700w, https:\/\/www.yungayino.cl\/noticias\/wp-content\/uploads\/2021\/11\/red-publica-300x150.jpg 300w\" sizes=\"auto, (max-width: 700px) 100vw, 700px\" \/><\/p>\n<p style=\"text-align: justify;\">Yungay, noviembre 2021: Se dio inicio a las obras que permitir\u00e1n la extensi\u00f3n de la matriz de agua potable, fuera del \u00e1rea operacional de Essbio en Las Antenas.<\/p>\n<p style=\"text-align: justify;\">En primera instancia, son 230 metros lineales de extensi\u00f3n, que beneficiar\u00e1 a una gran cantidad de familias que residen en el sector.<\/p>\n<p style=\"text-align: justify;\">Este avance es el resultado de un trabajo mancomunado entre el municipio, los vecinos y la empresa sanitaria, Essbio.<\/p>\n<p style=\"text-align: justify;\">\u00abEl agua potable es una necesidad b\u00e1sica y hoy estamos muy orgullosos de poder cumplir con este es un compromiso que asumimos\u00bb manifest\u00f3 el alcalde, quien recalc\u00f3, seguir\u00e1 trabajando junto a su equipo t\u00e9cnico para resolver el acceso al agua potable para las familias de la comuna.<\/p>\n","protected":false},"excerpt":{"rendered":"<p>Yungay, noviembre 2021: Se dio inicio a las obras que permitir\u00e1n la extensi\u00f3n de la matriz de agua potable, fuera del \u00e1rea operacional de Essbio en Las Antenas. En primera instancia, son 230 metros&#46;&#46;&#46;<\/p>\n","protected":false},"author":2,"featured_media":25330,"comment_status":"closed","ping_status":"open","sticky":false,"template":"","format":"standard","meta":{"footnotes":""},"categories":[1],"tags":[1115,8,6,117],"class_list":["post-25329","post","type-post","status-publish","format-standard","has-post-thumbnail","hentry","category-noticias","tag-noticias","tag-yungay","tag-yungayino","tag-yungayinocl"],"_links":{"self":[{"href":"https:\/\/www.yungayino.cl\/noticias\/index.php?rest_route=\/wp\/v2\/posts\/25329","targetHints":{"allow":["GET"]}}],"collection":[{"href":"https:\/\/www.yungayino.cl\/noticias\/index.php?rest_route=\/wp\/v2\/posts"}],"about":[{"href":"https:\/\/www.yungayino.cl\/noticias\/index.php?rest_route=\/wp\/v2\/types\/post"}],"author":[{"embeddable":true,"href":"https:\/\/www.yungayino.cl\/noticias\/index.php?rest_route=\/wp\/v2\/users\/2"}],"replies":[{"embeddable":true,"href":"https:\/\/www.yungayino.cl\/noticias\/index.php?rest_route=%2Fwp%2Fv2%2Fcomments&post=25329"}],"version-history":[{"count":1,"href":"https:\/\/www.yungayino.cl\/noticias\/index.php?rest_route=\/wp\/v2\/posts\/25329\/revisions"}],"predecessor-version":[{"id":25331,"href":"https:\/\/www.yungayino.cl\/noticias\/index.php?rest_route=\/wp\/v2\/posts\/25329\/revisions\/25331"}],"wp:featuredmedia":[{"embeddable":true,"href":"https:\/\/www.yungayino.cl\/noticias\/index.php?rest_route=\/wp\/v2\/media\/25330"}],"wp:attachment":[{"href":"https:\/\/www.yungayino.cl\/noticias\/index.php?rest_route=%2Fwp%2Fv2%2Fmedia&parent=25329"}],"wp:term":[{"taxonomy":"category","embeddable":true,"href":"https:\/\/www.yungayino.cl\/noticias\/index.php?rest_route=%2Fwp%2Fv2%2Fcategories&post=25329"},{"taxonomy":"post_tag","embeddable":true,"href":"https:\/\/www.yungayino.cl\/noticias\/index.php?rest_route=%2Fwp%2Fv2%2Ftags&post=25329"}],"curies":[{"name":"wp","href":"https:\/\/api.w.org\/{rel}","templated":true}]}}