{"id":25335,"date":"2021-11-12T07:00:33","date_gmt":"2021-11-12T10:00:33","guid":{"rendered":"http:\/\/www.yungayino.cl\/noticias\/?p=25335"},"modified":"2021-11-09T11:45:31","modified_gmt":"2021-11-09T14:45:31","slug":"seremi-de-la-mujer-dio-el-vamos-a-la-escuela-de-lideres-politicas-2021-de-sernameg-nuble","status":"publish","type":"post","link":"https:\/\/www.yungayino.cl\/noticias\/?p=25335","title":{"rendered":"Seremi de la Mujer Dio el Vamos a la Escuela de L\u00edderes Pol\u00edticas 2021 de SernamEG \u00d1uble"},"content":{"rendered":"<p><img loading=\"lazy\" decoding=\"async\" class=\"alignnone size-full wp-image-25336\" src=\"http:\/\/www.yungayino.cl\/noticias\/wp-content\/uploads\/2021\/11\/mujer.jpg\" alt=\"\" width=\"700\" height=\"350\" srcset=\"https:\/\/www.yungayino.cl\/noticias\/wp-content\/uploads\/2021\/11\/mujer.jpg 700w, https:\/\/www.yungayino.cl\/noticias\/wp-content\/uploads\/2021\/11\/mujer-300x150.jpg 300w\" sizes=\"auto, (max-width: 700px) 100vw, 700px\" \/><\/p>\n<p style=\"text-align: justify;\">\u00d1uble, noviembre 2021: Por tercer a\u00f1o consecutivo, el programa Mujer y Participaci\u00f3n Pol\u00edtica del Servicio Nacional de la Mujer y la Equidad de G\u00e9nero (SernamEG), desarrolla la Escuela de L\u00edderes Pol\u00edticas, la cual busca entregar habilidades de liderazgo a mujeres organizadas, que manifiestan un real inter\u00e9s en participar en espacios de toma de decisi\u00f3n.<\/p>\n<p style=\"text-align: justify;\">La Seremi de la Mujer y la Equidad de G\u00e9nero, B\u00e1rbara Hennig, este viernes dio el inicio a la tercera versi\u00f3n en una ceremonia telem\u00e1tica en donde asistieron mujeres que se encuentran participando de la Escuela a trav\u00e9s de una plataforma Online, en la que deber\u00e1n desarrollar 5 m\u00f3dulos de 40 horas pedag\u00f3gicas en total, a los cuales pueden acceder durante las 24 horas, los 7 d\u00edas de la semana.<\/p>\n<p style=\"text-align: justify;\">\u201cSin duda que las transformaciones que ha vivido nuestro pa\u00eds y regi\u00f3n en el \u00faltimo tiempo, exigen una mayor participaci\u00f3n y presencia de la mujer en la pol\u00edtica\u201d, subraya la Seremi B\u00e1rbara Hennig, recordando que \u201clas experiencias que tuvimos anteriormente fueron muy exitosas, y nos demostraron que en \u00d1uble existen mujeres que tienen mucho que aportar y se atrevieron a dar el paso para empoderarse como l\u00edderes pol\u00edticas, donde ya contamos con varias que ocupan un cargo de representaci\u00f3n comunal. \u00c9sa es la manera para continuar eliminando brechas en este \u00e1mbito y avanzar en la Agenda Mujer trazada por nuestro Gobierno\u201d, enfatiz\u00f3.<\/p>\n<p style=\"text-align: justify;\">Las participantes se capacitar\u00e1n en el desarrollo de sus habilidades para la comunicaci\u00f3n efectiva, negociaci\u00f3n, oratoria, elaboraci\u00f3n de mensajes claves, uso estrat\u00e9gico de redes sociales y presencia efectiva en debates. Algunos m\u00f3dulos son: avances y desaf\u00edos en la igual de g\u00e9nero, liderazgo y resoluci\u00f3n de conflictos en el \u00e1mbito pol\u00edtico y social, org\u00e1nica del Estado de Chile.<\/p>\n<p style=\"text-align: justify;\">Por su parte la Directora Regional de SernamEG, Viviana C\u00e1ceres, hizo un llamado \u201ca las mujeres de \u00d1uble, pues necesitamos m\u00e1s representaci\u00f3n pol\u00edtica. Como Servicio creemos que es fundamental que las mujeres puedan contar con estas instancias de capacitaci\u00f3n que potencien sus habilidades de liderazgo\u201d.<\/p>\n<p style=\"text-align: justify;\">Grit Gui\u00f1ez, quien particip\u00f3 en las Escuelas de L\u00edderes Pol\u00edticas en 2019, se mostr\u00f3 agradecida de la experiencia. \u201cCon orgullo puedo se\u00f1alar que soy mujer, cristiana, madre, profesional y ahora concejala, la pol\u00edtica no es un espacio f\u00e1cil para nosotras, hoy un 33% de los concejales somos mujeres, avanzamos, pero a\u00fan nos falta. Ac\u00e1 es donde son fundamentales diferentes estrategias como las Escuelas de L\u00edderes Pol\u00edticas, y puedo se\u00f1alar que fue la base de mi campa\u00f1a y ejercicio actual en el Concejo, adem\u00e1s de tejer redes, adquirimos conocimientos pr\u00e1cticos y te\u00f3ricos de legislaci\u00f3n, estructura y estrategias para invertirlos de buena manera en la pol\u00edtica comunal\u201d, se\u00f1al\u00f3 la actual concejala de Ninhue.<\/p>\n","protected":false},"excerpt":{"rendered":"<p>\u00d1uble, noviembre 2021: Por tercer a\u00f1o consecutivo, el programa Mujer y Participaci\u00f3n Pol\u00edtica del Servicio Nacional de la Mujer y la Equidad de G\u00e9nero (SernamEG), desarrolla la Escuela de L\u00edderes Pol\u00edticas, la cual busca&#46;&#46;&#46;<\/p>\n","protected":false},"author":2,"featured_media":25336,"comment_status":"closed","ping_status":"open","sticky":false,"template":"","format":"standard","meta":{"footnotes":""},"categories":[1],"tags":[1115,1678,8,6,117],"class_list":["post-25335","post","type-post","status-publish","format-standard","has-post-thumbnail","hentry","category-noticias","tag-noticias","tag-nuble","tag-yungay","tag-yungayino","tag-yungayinocl"],"_links":{"self":[{"href":"https:\/\/www.yungayino.cl\/noticias\/index.php?rest_route=\/wp\/v2\/posts\/25335","targetHints":{"allow":["GET"]}}],"collection":[{"href":"https:\/\/www.yungayino.cl\/noticias\/index.php?rest_route=\/wp\/v2\/posts"}],"about":[{"href":"https:\/\/www.yungayino.cl\/noticias\/index.php?rest_route=\/wp\/v2\/types\/post"}],"author":[{"embeddable":true,"href":"https:\/\/www.yungayino.cl\/noticias\/index.php?rest_route=\/wp\/v2\/users\/2"}],"replies":[{"embeddable":true,"href":"https:\/\/www.yungayino.cl\/noticias\/index.php?rest_route=%2Fwp%2Fv2%2Fcomments&post=25335"}],"version-history":[{"count":1,"href":"https:\/\/www.yungayino.cl\/noticias\/index.php?rest_route=\/wp\/v2\/posts\/25335\/revisions"}],"predecessor-version":[{"id":25337,"href":"https:\/\/www.yungayino.cl\/noticias\/index.php?rest_route=\/wp\/v2\/posts\/25335\/revisions\/25337"}],"wp:featuredmedia":[{"embeddable":true,"href":"https:\/\/www.yungayino.cl\/noticias\/index.php?rest_route=\/wp\/v2\/media\/25336"}],"wp:attachment":[{"href":"https:\/\/www.yungayino.cl\/noticias\/index.php?rest_route=%2Fwp%2Fv2%2Fmedia&parent=25335"}],"wp:term":[{"taxonomy":"category","embeddable":true,"href":"https:\/\/www.yungayino.cl\/noticias\/index.php?rest_route=%2Fwp%2Fv2%2Fcategories&post=25335"},{"taxonomy":"post_tag","embeddable":true,"href":"https:\/\/www.yungayino.cl\/noticias\/index.php?rest_route=%2Fwp%2Fv2%2Ftags&post=25335"}],"curies":[{"name":"wp","href":"https:\/\/api.w.org\/{rel}","templated":true}]}}