{"id":25349,"date":"2021-11-12T08:00:10","date_gmt":"2021-11-12T11:00:10","guid":{"rendered":"http:\/\/www.yungayino.cl\/noticias\/?p=25349"},"modified":"2021-11-11T11:59:34","modified_gmt":"2021-11-11T14:59:34","slug":"120-adultos-mayores-de-nuble-se-benefician-con-fondos-adjudicados-por-eleam-de-yungay","status":"publish","type":"post","link":"https:\/\/www.yungayino.cl\/noticias\/?p=25349","title":{"rendered":"120 Adultos Mayores de \u00d1uble se Benefician con Fondos Adjudicados por ELEAM de Yungay"},"content":{"rendered":"<p><img loading=\"lazy\" decoding=\"async\" class=\"alignnone size-full wp-image-25350\" src=\"http:\/\/www.yungayino.cl\/noticias\/wp-content\/uploads\/2021\/11\/adultos-mayores.jpg\" alt=\"\" width=\"700\" height=\"350\" srcset=\"https:\/\/www.yungayino.cl\/noticias\/wp-content\/uploads\/2021\/11\/adultos-mayores.jpg 700w, https:\/\/www.yungayino.cl\/noticias\/wp-content\/uploads\/2021\/11\/adultos-mayores-300x150.jpg 300w\" sizes=\"auto, (max-width: 700px) 100vw, 700px\" \/><\/p>\n<p style=\"text-align: justify;\">Yungay, noviembre 2021: En plena ejecuci\u00f3n se encuentra iniciativa presentada por la Corporaci\u00f3n <strong>\u201cHogar Nuestra Se\u00f1ora de la Merced\u201d de Yungay<\/strong>, que adjudic\u00f3 $30 millones al Fondo Chile Compromiso de Todos\u00a0 del Ministerio de Desarrollo Social y Familia, y que beneficia con equipamiento e insumos a cinco Establecimientos de Larga Estad\u00eda para Adultos Mayores\u00a0 de la regi\u00f3n.<\/p>\n<p style=\"text-align: justify;\">Al menos 120 personas mayores en situaci\u00f3n de dependencia y residentes\u00a0 en Establecimientos de Larga Estad\u00eda para el Adulto Mayor (ELEAM) de la regi\u00f3n, adem\u00e1s de 85 funcionarios, principalmente mujeres, son los beneficiarios del proyecto denominado \u201cMejorando las Medidas de Prevenci\u00f3n COVID-19 de Personas Mayores en Dispositivos ELEAM de la Regi\u00f3n de \u00d1uble\u201d, iniciativa que adjudic\u00f3 el Fondo Chile Compromiso de Todos,\u00a0 impulsado por\u00a0 el Ministerio de Desarrollo Social y Familia, durante el Primer Semestre 2021.<\/p>\n<p style=\"text-align: justify;\">El proyecto, ejecutado por la Corporaci\u00f3n \u201cHogar de Ancianos Nuestra Se\u00f1ora de la Merced\u201d de la comuna de\u00a0 Yungay, \u00a0que adjudic\u00f3 un monto de $30 millones, ha permitido dotar de equipamiento e insumos, tales como\u00a0 kit de ox\u00edgeno, carros multiuso, term\u00f3metros infrarrojos, satur\u00f3metros, estetoscopios, y gluc\u00f3metros, entre otros art\u00edculos, a cinco establecimientos de adultos mayores\u00a0 ubicados en las comunas de Pinto, El Carmen, Coelemu,\u00a0 R\u00e1nquil y Yungay.<\/p>\n<p style=\"text-align: justify;\">\u201cEste proyecto ha sido de alto impacto para nuestra regi\u00f3n en relaci\u00f3n con el principal objetivo del Fondo Chile Compromiso de Todos que es financiar aquellas iniciativas e ideas comprometidas con la superaci\u00f3n de la pobreza y la vulnerabilidad social. En este proyecto se est\u00e1n beneficiando establecimientos\u00a0 sin fines de lucro donde el 95% de los adultos mayores\u00a0 que son atendidos\u00a0 pertenecen al 40% de mayor vulnerabilidad social y donde el personal que labora en ellos, que son principalmente mujeres, son funcionarias\u00a0 que adem\u00e1s de estar en la primera l\u00ednea de atenci\u00f3n y, por ende, estar m\u00e1s expuestas a los riesgos de contraer\u00a0 la enfermedad,\u00a0 tambi\u00e9n provienen de diversos sectores de estas comunas y de otras comunas de la regi\u00f3n, as\u00ed que felicitar esta iniciativa que nace de las necesidades de estos dispositivos de atenci\u00f3n\u201d, expres\u00f3 la\u00a0 Seremi de Desarrollo Social y Familia, Doris Osses, quien\u00a0 esta semana encabez\u00f3 la entrega de equipamiento en la comuna de Yungay.<\/p>\n<p style=\"text-align: justify;\">El car\u00e1cter asociativo del proyecto fue destacado tambi\u00e9n por la <strong>fundadora del ELEAM \u201cNuestra Se\u00f1ora de la Merced\u201d, Rosa Sep\u00falveda Olivares<\/strong>. \u201cLa\u00a0 idea surge para mejorar la calidad de vida de nuestros adultos mayores, pero tambi\u00e9n se vio que era bueno hacer part\u00edcipes a otros hogares que estuvieran en nuestra misma situaci\u00f3n, entonces, el practicar la caridad con otros hermanos nuestros, yo creo que eso es lo que nos motiva, no solo pensar en nosotros, porque los dem\u00e1s tambi\u00e9n necesitan; ha sido muy valorable este proyecto porque ha hecho felices a otros adultos mayores de otros hogares que est\u00e1n en la misma situaci\u00f3n nuestra\u201d, indic\u00f3 la tambi\u00e9n Representante Legal del proyecto.<\/p>\n<p style=\"text-align: justify;\">Particularmente, los establecimientos beneficiados corresponden al \u201cHogar San Francisco de As\u00eds\u201d de la comuna de El Carmen; \u201cJes\u00fas de Nazareth\u201d, de Pinto; \u201cDivina Providencia\u201d de Coelemu y \u201cSan Jos\u00e9\u201d, de \u00d1ipas, R\u00e1nquil.<\/p>\n<p style=\"text-align: justify;\">Gerardo Caro, Coordinador T\u00e9cnico del proyecto, indic\u00f3 que adem\u00e1s de mejorar las condiciones de equipamiento en zonas de aislamiento y otras salas de procedimientos, el proyecto permitir\u00e1 fortalecer un modelo de intervenci\u00f3n sanitaria mediante la implementaci\u00f3n de ciclos de capacitaci\u00f3n en las \u00e1reas de Enfermer\u00eda, Kinesiolog\u00eda y Terapia Ocupacional para el personal de los cinco ELEAM participantes. Ello implicar\u00e1 la entrega trimestral de material audiovisual sobre manejo COVID-19 y otros temas de inter\u00e9s sobre atenci\u00f3n y prevenci\u00f3n, elaborado por los profesionales del proyecto.<\/p>\n","protected":false},"excerpt":{"rendered":"<p>Yungay, noviembre 2021: En plena ejecuci\u00f3n se encuentra iniciativa presentada por la Corporaci\u00f3n \u201cHogar Nuestra Se\u00f1ora de la Merced\u201d de Yungay, que adjudic\u00f3 $30 millones al Fondo Chile Compromiso de Todos\u00a0 del Ministerio de&#46;&#46;&#46;<\/p>\n","protected":false},"author":2,"featured_media":25350,"comment_status":"closed","ping_status":"open","sticky":false,"template":"","format":"standard","meta":{"footnotes":""},"categories":[1],"tags":[57,1115,2170,8,6,117],"class_list":["post-25349","post","type-post","status-publish","format-standard","has-post-thumbnail","hentry","category-noticias","tag-adultos-mayores","tag-noticias","tag-nuestra-senora-de-la-merced","tag-yungay","tag-yungayino","tag-yungayinocl"],"_links":{"self":[{"href":"https:\/\/www.yungayino.cl\/noticias\/index.php?rest_route=\/wp\/v2\/posts\/25349","targetHints":{"allow":["GET"]}}],"collection":[{"href":"https:\/\/www.yungayino.cl\/noticias\/index.php?rest_route=\/wp\/v2\/posts"}],"about":[{"href":"https:\/\/www.yungayino.cl\/noticias\/index.php?rest_route=\/wp\/v2\/types\/post"}],"author":[{"embeddable":true,"href":"https:\/\/www.yungayino.cl\/noticias\/index.php?rest_route=\/wp\/v2\/users\/2"}],"replies":[{"embeddable":true,"href":"https:\/\/www.yungayino.cl\/noticias\/index.php?rest_route=%2Fwp%2Fv2%2Fcomments&post=25349"}],"version-history":[{"count":1,"href":"https:\/\/www.yungayino.cl\/noticias\/index.php?rest_route=\/wp\/v2\/posts\/25349\/revisions"}],"predecessor-version":[{"id":25351,"href":"https:\/\/www.yungayino.cl\/noticias\/index.php?rest_route=\/wp\/v2\/posts\/25349\/revisions\/25351"}],"wp:featuredmedia":[{"embeddable":true,"href":"https:\/\/www.yungayino.cl\/noticias\/index.php?rest_route=\/wp\/v2\/media\/25350"}],"wp:attachment":[{"href":"https:\/\/www.yungayino.cl\/noticias\/index.php?rest_route=%2Fwp%2Fv2%2Fmedia&parent=25349"}],"wp:term":[{"taxonomy":"category","embeddable":true,"href":"https:\/\/www.yungayino.cl\/noticias\/index.php?rest_route=%2Fwp%2Fv2%2Fcategories&post=25349"},{"taxonomy":"post_tag","embeddable":true,"href":"https:\/\/www.yungayino.cl\/noticias\/index.php?rest_route=%2Fwp%2Fv2%2Ftags&post=25349"}],"curies":[{"name":"wp","href":"https:\/\/api.w.org\/{rel}","templated":true}]}}