{"id":25359,"date":"2021-11-16T09:00:29","date_gmt":"2021-11-16T12:00:29","guid":{"rendered":"http:\/\/www.yungayino.cl\/noticias\/?p=25359"},"modified":"2021-11-15T19:09:52","modified_gmt":"2021-11-15T22:09:52","slug":"nuble-se-sube-al-podio-en-el-inicio-del-atletismo-de-los-juegos-de-la-araucania","status":"publish","type":"post","link":"https:\/\/www.yungayino.cl\/noticias\/?p=25359","title":{"rendered":"\u00d1uble se Sube al Podio en el Inicio del Atletismo de los Juegos de la Araucan\u00eda"},"content":{"rendered":"<p><img loading=\"lazy\" decoding=\"async\" class=\"alignnone size-full wp-image-25360\" src=\"http:\/\/www.yungayino.cl\/noticias\/wp-content\/uploads\/2021\/11\/4-1.jpg\" alt=\"\" width=\"700\" height=\"350\" srcset=\"https:\/\/www.yungayino.cl\/noticias\/wp-content\/uploads\/2021\/11\/4-1.jpg 700w, https:\/\/www.yungayino.cl\/noticias\/wp-content\/uploads\/2021\/11\/4-1-300x150.jpg 300w\" sizes=\"auto, (max-width: 700px) 100vw, 700px\" \/><\/p>\n<p style=\"text-align: justify;\">\u00d1uble, noviembre 2021: Deportistas locales lograron medalla de oro y plata para la regi\u00f3n.<\/p>\n<p style=\"text-align: justify;\">El pasado viernes en el Estadio Atl\u00e9tico de Quilamapu comenzaron las competencias del atletismo varones de los Juegos de la Araucan\u00eda, organizada por el Ministerio del Deporte y el Instituto Nacional de Deportes, y que tienen a Chill\u00e1n como sede anfitriona de esta disciplina donde compiten atletas sub 19 de \u00d1uble a Magallanes.<\/p>\n<p style=\"text-align: justify;\">El primer \u00f1ublensino en subirse al podio fue el oriundo de San Nicol\u00e1s, Juan Jos\u00e9 Eriza, quien logr\u00f3 medalla de oro en el lanzamiento del disco con una marca de 45.09 mts. Esta fue su segunda presea en estos Juegos, luego de que el 2019 consiguiera bronce en la edici\u00f3n disputada en La Pampa, Argentina.<\/p>\n<p style=\"text-align: justify;\">\u201cEstoy feliz por el resultado pero no es mi mejor marca. Son mis segundos Juegos y estoy muy emocionado porque hace mucho tiempo que est\u00e1bamos esperando volver a las pistas. El objetivo es seguir mejorando para el a\u00f1o que viene\u201d, sostuvo Eriza, quien forma parte del programa Promesas Chile del Mindep-IND \u00d1uble.<\/p>\n<p style=\"text-align: justify;\">Luego, quien destac\u00f3 para \u00d1uble fue Hugo Vargas, quien se qued\u00f3 con la medalla de plata en el salto largo gracias a una marca de 6,51 mts.<\/p>\n<p style=\"text-align: justify;\">\u201cSaqu\u00e9 un PB (mejor marca personal) muy bueno. El d\u00eda est\u00e1 perfecto para saltar. Lo \u00fanico que me perjudic\u00f3 es que estaba un poco contracturado, porque quer\u00eda llevarme la medalla de oro\u201d, asegur\u00f3 Vargas.<\/p>\n<p style=\"text-align: justify;\">Cabe destacar que la competencia contar\u00e1 con la participaci\u00f3n de 84 atletas del sur del pa\u00eds. Para la edici\u00f3n de este a\u00f1o, y debido al contexto actual de pandemia, se descart\u00f3 la participaci\u00f3n de deportistas argentinos, habituales participantes de los Juegos de la Araucan\u00eda. La delegaci\u00f3n nacional de Ays\u00e9n tampoco pudo viajar por un caso positivo de Covid-19 en su delegaci\u00f3n.<\/p>\n<p style=\"text-align: justify;\">Los Juegos contin\u00faan este s\u00e1bado en Quilamapu con las pruebas de lanzamiento, velocidad, salto, 1.500 metros planos y la posta de 4 por 400.<\/p>\n<p style=\"text-align: justify;\">\u201cEstamos orgullosos por la gran participaci\u00f3n que han tenido los deportistas de \u00d1uble. Estas medallas se suman a los dos bronces conseguidos en Temuco con el equipo de nataci\u00f3n, y estamos seguros que llegar\u00e1n m\u00e1s. Es una gran oportunidad recibir el atletismo en Chill\u00e1n para demostrar que nuestra regi\u00f3n tiene todas las condiciones para albergar competencias de nivel nacional a internacional\u201d, sostuvo el Director del IND \u00d1uble, Carlos Chand\u00eda.<\/p>\n","protected":false},"excerpt":{"rendered":"<p>\u00d1uble, noviembre 2021: Deportistas locales lograron medalla de oro y plata para la regi\u00f3n. El pasado viernes en el Estadio Atl\u00e9tico de Quilamapu comenzaron las competencias del atletismo varones de los Juegos de la&#46;&#46;&#46;<\/p>\n","protected":false},"author":2,"featured_media":25360,"comment_status":"closed","ping_status":"open","sticky":false,"template":"","format":"standard","meta":{"footnotes":""},"categories":[17,1],"tags":[1120,2547,1115,1678,8,6,117],"class_list":["post-25359","post","type-post","status-publish","format-standard","has-post-thumbnail","hentry","category-deporte","category-noticias","tag-deporte","tag-juegos-de-la-araucania","tag-noticias","tag-nuble","tag-yungay","tag-yungayino","tag-yungayinocl"],"_links":{"self":[{"href":"https:\/\/www.yungayino.cl\/noticias\/index.php?rest_route=\/wp\/v2\/posts\/25359","targetHints":{"allow":["GET"]}}],"collection":[{"href":"https:\/\/www.yungayino.cl\/noticias\/index.php?rest_route=\/wp\/v2\/posts"}],"about":[{"href":"https:\/\/www.yungayino.cl\/noticias\/index.php?rest_route=\/wp\/v2\/types\/post"}],"author":[{"embeddable":true,"href":"https:\/\/www.yungayino.cl\/noticias\/index.php?rest_route=\/wp\/v2\/users\/2"}],"replies":[{"embeddable":true,"href":"https:\/\/www.yungayino.cl\/noticias\/index.php?rest_route=%2Fwp%2Fv2%2Fcomments&post=25359"}],"version-history":[{"count":1,"href":"https:\/\/www.yungayino.cl\/noticias\/index.php?rest_route=\/wp\/v2\/posts\/25359\/revisions"}],"predecessor-version":[{"id":25361,"href":"https:\/\/www.yungayino.cl\/noticias\/index.php?rest_route=\/wp\/v2\/posts\/25359\/revisions\/25361"}],"wp:featuredmedia":[{"embeddable":true,"href":"https:\/\/www.yungayino.cl\/noticias\/index.php?rest_route=\/wp\/v2\/media\/25360"}],"wp:attachment":[{"href":"https:\/\/www.yungayino.cl\/noticias\/index.php?rest_route=%2Fwp%2Fv2%2Fmedia&parent=25359"}],"wp:term":[{"taxonomy":"category","embeddable":true,"href":"https:\/\/www.yungayino.cl\/noticias\/index.php?rest_route=%2Fwp%2Fv2%2Fcategories&post=25359"},{"taxonomy":"post_tag","embeddable":true,"href":"https:\/\/www.yungayino.cl\/noticias\/index.php?rest_route=%2Fwp%2Fv2%2Ftags&post=25359"}],"curies":[{"name":"wp","href":"https:\/\/api.w.org\/{rel}","templated":true}]}}