{"id":25362,"date":"2021-11-17T08:00:03","date_gmt":"2021-11-17T11:00:03","guid":{"rendered":"http:\/\/www.yungayino.cl\/noticias\/?p=25362"},"modified":"2021-11-15T19:11:33","modified_gmt":"2021-11-15T22:11:33","slug":"nuevo-hospital-regional-de-nuble-presenta-un-25-de-avance","status":"publish","type":"post","link":"https:\/\/www.yungayino.cl\/noticias\/?p=25362","title":{"rendered":"Nuevo Hospital Regional de \u00d1uble Presenta un 25% de Avance"},"content":{"rendered":"<p><img loading=\"lazy\" decoding=\"async\" class=\"size-full wp-image-25364\" src=\"http:\/\/www.yungayino.cl\/noticias\/wp-content\/uploads\/2021\/11\/2.-1.jpg\" alt=\"\" width=\"700\" height=\"467\" srcset=\"https:\/\/www.yungayino.cl\/noticias\/wp-content\/uploads\/2021\/11\/2.-1.jpg 700w, https:\/\/www.yungayino.cl\/noticias\/wp-content\/uploads\/2021\/11\/2.-1-300x200.jpg 300w, https:\/\/www.yungayino.cl\/noticias\/wp-content\/uploads\/2021\/11\/2.-1-225x150.jpg 225w\" sizes=\"auto, (max-width: 700px) 100vw, 700px\" \/><\/p>\n<p style=\"text-align: justify;\">\u00d1uble, noviembre 2021: Las obras del establecimiento contin\u00faan desarroll\u00e1ndose con normalidad y ya permiten que gran parte de la estructura se vea desde el exterior de las faenas.<\/p>\n<p style=\"text-align: justify;\">Un importante progreso presenta la construcci\u00f3n del futuro Hospital Regional de \u00d1uble. La obra financiada por el Ministerio de Salud como parte del Plan Nacional de Inversiones, registra un 25% de avance.<\/p>\n<p style=\"text-align: justify;\">Con una superficie cercana a los 130 mil metros cuadrados de nueva y moderna infraestructura, el futuro centro de salud es parte de la nueva generaci\u00f3n de hospitales y permitir\u00e1 renovar el principal establecimiento sanitario de la Regi\u00f3n, cuyas actuales dependencias comenzaron a ser construidas en 1941, luego del terremoto que destruy\u00f3 el ex Hospital San Juan de Dios.<\/p>\n<p style=\"text-align: justify;\">La Directora (s) del Servicio de Salud \u00d1uble, Elizabeth Abarca, detall\u00f3 que \u201cactualmente, 520 personas se desempe\u00f1an en el terreno en el que se desarrollan las faenas. Se trata de un n\u00famero que ir\u00e1 paulatinamente en aumento, a medida que contin\u00faen progresando los trabajos de esta gran e importante obra\u201d.<\/p>\n<p style=\"text-align: justify;\">\u201cLos mayores avances se registran en el edificio del Centro Ambulatorio de Especialidades, dando paso al hormigonado de las torres de hospitalizaci\u00f3n; comenzaremos con la torre A del establecimiento. Paralelamente, este mes proyectamos iniciar las labores del 5\u00b0 nivel, lo que da cuenta de que estamos haciendo nuestro mayor esfuerzo para concretar este anhelado establecimiento para la comunidad de nuestra Regi\u00f3n\u201d, destac\u00f3 la directiva.<\/p>\n<p style=\"text-align: justify;\">En total, ser\u00e1n 5 torres las que se albergar\u00e1n 530 camas para los servicios de hospitalizaci\u00f3n. Se trata de salas de 64 metros cuadrados que permitir\u00e1n brindar espacios m\u00e1s c\u00f3modos a las y los 500 mil usuarios del territorio.<\/p>\n<p style=\"text-align: justify;\">Emplazado en la Avenida O\u2019Higgins con calle Rosauro Acu\u00f1a, una de las principales arterias viales de Chill\u00e1n, el edificio integrar\u00e1 tres \u00e1reas de atenci\u00f3n; ambulatoria, hospitalizaci\u00f3n y el servicio de urgencia.<\/p>\n<p style=\"text-align: justify;\">El establecimiento contempla recursos por sobre los 204 mil millones de pesos para su construcci\u00f3n y su puesta en marcha se proyecta para el a\u00f1o 2024.<\/p>\n","protected":false},"excerpt":{"rendered":"<p>\u00d1uble, noviembre 2021: Las obras del establecimiento contin\u00faan desarroll\u00e1ndose con normalidad y ya permiten que gran parte de la estructura se vea desde el exterior de las faenas. Un importante progreso presenta la construcci\u00f3n&#46;&#46;&#46;<\/p>\n","protected":false},"author":2,"featured_media":25363,"comment_status":"closed","ping_status":"open","sticky":false,"template":"","format":"standard","meta":{"footnotes":""},"categories":[1,1675],"tags":[2398,1115,1678,65,8,6,117],"class_list":["post-25362","post","type-post","status-publish","format-standard","has-post-thumbnail","hentry","category-noticias","category-saludc","tag-hospital-regional","tag-noticias","tag-nuble","tag-salud","tag-yungay","tag-yungayino","tag-yungayinocl"],"_links":{"self":[{"href":"https:\/\/www.yungayino.cl\/noticias\/index.php?rest_route=\/wp\/v2\/posts\/25362","targetHints":{"allow":["GET"]}}],"collection":[{"href":"https:\/\/www.yungayino.cl\/noticias\/index.php?rest_route=\/wp\/v2\/posts"}],"about":[{"href":"https:\/\/www.yungayino.cl\/noticias\/index.php?rest_route=\/wp\/v2\/types\/post"}],"author":[{"embeddable":true,"href":"https:\/\/www.yungayino.cl\/noticias\/index.php?rest_route=\/wp\/v2\/users\/2"}],"replies":[{"embeddable":true,"href":"https:\/\/www.yungayino.cl\/noticias\/index.php?rest_route=%2Fwp%2Fv2%2Fcomments&post=25362"}],"version-history":[{"count":1,"href":"https:\/\/www.yungayino.cl\/noticias\/index.php?rest_route=\/wp\/v2\/posts\/25362\/revisions"}],"predecessor-version":[{"id":25365,"href":"https:\/\/www.yungayino.cl\/noticias\/index.php?rest_route=\/wp\/v2\/posts\/25362\/revisions\/25365"}],"wp:featuredmedia":[{"embeddable":true,"href":"https:\/\/www.yungayino.cl\/noticias\/index.php?rest_route=\/wp\/v2\/media\/25363"}],"wp:attachment":[{"href":"https:\/\/www.yungayino.cl\/noticias\/index.php?rest_route=%2Fwp%2Fv2%2Fmedia&parent=25362"}],"wp:term":[{"taxonomy":"category","embeddable":true,"href":"https:\/\/www.yungayino.cl\/noticias\/index.php?rest_route=%2Fwp%2Fv2%2Fcategories&post=25362"},{"taxonomy":"post_tag","embeddable":true,"href":"https:\/\/www.yungayino.cl\/noticias\/index.php?rest_route=%2Fwp%2Fv2%2Ftags&post=25362"}],"curies":[{"name":"wp","href":"https:\/\/api.w.org\/{rel}","templated":true}]}}