{"id":25370,"date":"2021-11-22T09:00:45","date_gmt":"2021-11-22T12:00:45","guid":{"rendered":"http:\/\/www.yungayino.cl\/noticias\/?p=25370"},"modified":"2021-11-22T10:15:13","modified_gmt":"2021-11-22T13:15:13","slug":"resultado-elecciones-noviembre-2021","status":"publish","type":"post","link":"https:\/\/www.yungayino.cl\/noticias\/?p=25370","title":{"rendered":"Resultado Elecciones Noviembre 2021"},"content":{"rendered":"<p><img loading=\"lazy\" decoding=\"async\" class=\"alignnone size-full wp-image-25371\" src=\"http:\/\/www.yungayino.cl\/noticias\/wp-content\/uploads\/2021\/11\/elecciones-presidente.jpg\" alt=\"\" width=\"700\" height=\"613\" srcset=\"https:\/\/www.yungayino.cl\/noticias\/wp-content\/uploads\/2021\/11\/elecciones-presidente.jpg 700w, https:\/\/www.yungayino.cl\/noticias\/wp-content\/uploads\/2021\/11\/elecciones-presidente-300x263.jpg 300w, https:\/\/www.yungayino.cl\/noticias\/wp-content\/uploads\/2021\/11\/elecciones-presidente-171x150.jpg 171w\" sizes=\"auto, (max-width: 700px) 100vw, 700px\" \/><\/p>\n<p style=\"text-align: justify;\">Noviembre 2021: el d\u00eda domingo 21 de noviembre se llevaron a cabo las elecciones para Presidente, Senadores, Diputados y Consejeras y Consejeros Regionales (Cores). Dejando como resultado a dos candidatos para presidente de la rep\u00fablica que pasaran a segunda vuelta, que se realizar\u00e1 el pr\u00f3ximo 19 de diciembre.<\/p>\n<p style=\"text-align: justify;\">El detalle del resultado de las Elecciones Presidenciales, Parlamentarias y de Consejeras y Consejeros Regionales 2021, desagregado hasta el nivel de mesas receptoras de sufragios, queda a disposici\u00f3n de la ciudadan\u00eda, los medios de comunicaci\u00f3n y de los partidos pol\u00edticos en el sitio de internet<\/p>\n<p style=\"text-align: justify;\"><a href=\"http:\/\/www.servelelecciones.cl\">www.servelelecciones.cl<\/a><\/p>\n<p>&nbsp;<\/p>\n<p style=\"text-align: justify;\"><strong><u>RESULTADO VOTACI\u00d3N EN YUNGAY<\/u><\/strong><\/p>\n<p style=\"text-align: justify;\"><strong>Presidente<\/strong><\/p>\n<p style=\"text-align: justify;\">Gabriel Boric Font 1.181 votos \/ 17.50%<\/p>\n<p style=\"text-align: justify;\">Jos\u00e9 Antonio Kast Trist 1.930 votos \/ 28.60%<\/p>\n<p style=\"text-align: justify;\"><strong>\u00a0<\/strong><\/p>\n<p style=\"text-align: justify;\"><strong>Senadores:<\/strong><\/p>\n<p style=\"text-align: justify;\">Loreto Carvajal Ambiado (PPD) 1.812 votos \/ 29.54%<\/p>\n<p style=\"text-align: justify;\">Gustavo Sanhueza Due\u00f1as (UDI) 561 votos \/ 9.15%<\/p>\n<p>&nbsp;<\/p>\n<p style=\"text-align: justify;\"><strong>Diputados:<\/strong><\/p>\n<p style=\"text-align: justify;\">Crist\u00f3bal Mart\u00ednez Ram\u00edrez (UDI) 651 votos \/ 10.50%<\/p>\n<p style=\"text-align: justify;\">Marta Bravo Salinas (UDI) 115 votos \/ 1.85%<\/p>\n<p style=\"text-align: justify;\">Frank Sauerbaum Mu\u00f1oz (RN) 159 votos \/ 2.56%<\/p>\n<p style=\"text-align: justify;\">Felipe Cama\u00f1o Cardenas (IND-PDC) 2.787 votos \/ 44.95%<\/p>\n<p style=\"text-align: justify;\">Sara Concha Smith (PCC) 94 votos \/ 1.52%<\/p>\n<p style=\"text-align: justify;\"><strong>\u00a0<\/strong><\/p>\n<p style=\"text-align: justify;\"><strong>Cores \u2013 Diguill\u00edn:<\/strong><\/p>\n<p style=\"text-align: justify;\">Cristian Quilodr\u00e1n Parra (PDG) 379 votos \/ 6.70%<\/p>\n<p style=\"text-align: justify;\">Jezer Sep\u00falveda Dom\u00ednguez (UDI) 336 votos \/ 5.94%<\/p>\n<p style=\"text-align: justify;\">Juan Jos\u00e9 Gonz\u00e1lez Pedraza (UDI) 59 votos \/ 1.04%<\/p>\n<p style=\"text-align: justify;\">Loreto Vera Arriagada (PPD) 126 votos \/ 2.23%<\/p>\n<p style=\"text-align: justify;\">Alberto Enrique Jarpa Leiva (PDC) 101 votos \/ 1.79%<\/p>\n<p style=\"text-align: justify;\">Patricia Isidora Vera Lillo (PCCH) 80 votos \/ 1.41%<\/p>\n<p style=\"text-align: justify;\">Wilson Olivares Bustamante (IND) 16 votos \/ 0.28%<\/p>\n<p style=\"text-align: justify;\">Rodrigo Sebasti\u00e1n Dinamarca Mu\u00f1oz (RN) 159 votos \/ 2.81%<\/p>\n<p style=\"text-align: justify;\"><strong>\u00a0<\/strong><\/p>\n<p style=\"text-align: justify;\"><strong><u>RESULTADO VOTACION EN \u00d1UBLE<\/u><\/strong><\/p>\n<p style=\"text-align: justify;\"><strong>Presidente<\/strong><\/p>\n<p style=\"text-align: justify;\">Gabriel Boric Font 31.684 votos \/ 16.60%<\/p>\n<p style=\"text-align: justify;\">Jos\u00e9 Antonio Kast Trist 69.888 votos \/ 36.61%<\/p>\n<p style=\"text-align: justify;\"><strong>\u00a0<\/strong><\/p>\n<p style=\"text-align: justify;\"><strong>Senadores:<\/strong><\/p>\n<p style=\"text-align: justify;\">Loreto Carvajal Ambiado (PPD) 43.188 votos \/ 24.69%<\/p>\n<p style=\"text-align: justify;\">Gustavo Sanhueza Due\u00f1as (UDI) 30.320 votos \/ 17.33%<\/p>\n<p>&nbsp;<\/p>\n<p style=\"text-align: justify;\"><strong>Diputados:<\/strong><\/p>\n<p style=\"text-align: justify;\">Crist\u00f3bal Mart\u00ednez Ram\u00edrez (UDI) 29.941 votos \/ 17.79%<\/p>\n<p style=\"text-align: justify;\">Marta Bravo Salinas (UDI) 11.260 votos \/ 6.69%<\/p>\n<p style=\"text-align: justify;\">Frank Sauerbaum Mu\u00f1oz (RN) 15.560 votos \/ 9.24%<\/p>\n<p style=\"text-align: justify;\">Felipe Cama\u00f1o Cardenas (IND-PDC) 8.102 votos \/ 4.81%<\/p>\n<p style=\"text-align: justify;\">Sara Concha Smith (PCC) 5.298 votos \/ 3.15%<\/p>\n<p>&nbsp;<\/p>\n<p style=\"text-align: justify;\"><strong>Cores \u2013 Diguill\u00edn:<\/strong><\/p>\n<p style=\"text-align: justify;\">Cristian Salem Quilodr\u00e1n Parra (PDG) 5.613 votos \/ 5.34%<\/p>\n<p style=\"text-align: justify;\">Jezer Sep\u00falveda Dom\u00ednguez (UDI) 14.159 votos \/ 13.46%<\/p>\n<p style=\"text-align: justify;\">Juan Jos\u00e9 Gonz\u00e1lez Pedraza (UDI) 1.148 votos \/ 1.09%<\/p>\n<p style=\"text-align: justify;\">Loreto Vera Arriagada (PPD) 4.558 votos \/ 4.33%<\/p>\n<p style=\"text-align: justify;\">Alberto Enrique Jarpa Leiva (PDC) 2.698 votos \/ 2.57%<\/p>\n<p style=\"text-align: justify;\">Patricia Isidora Vera Lillo (PCCH) 2.031 votos \/ 1.93%<\/p>\n<p style=\"text-align: justify;\">Wilson Olivares Bustamante (IND) 2.934 votos \/ 2.79%<\/p>\n<p style=\"text-align: justify;\">Rodrigo Sebasti\u00e1n Dinamarca Mu\u00f1oz (RN) 4.196 votos \/ 3.99%<\/p>\n","protected":false},"excerpt":{"rendered":"<p>Noviembre 2021: el d\u00eda domingo 21 de noviembre se llevaron a cabo las elecciones para Presidente, Senadores, Diputados y Consejeras y Consejeros Regionales (Cores). Dejando como resultado a dos candidatos para presidente de la&#46;&#46;&#46;<\/p>\n","protected":false},"author":2,"featured_media":25371,"comment_status":"closed","ping_status":"open","sticky":false,"template":"","format":"standard","meta":{"footnotes":""},"categories":[3,1],"tags":[1577,2552,799,1115,1678,2550,2551,8,6,117],"class_list":["post-25370","post","type-post","status-publish","format-standard","has-post-thumbnail","hentry","category-actualidad","category-noticias","tag-cores","tag-diputados","tag-elecciones","tag-noticias","tag-nuble","tag-presidente","tag-senadores","tag-yungay","tag-yungayino","tag-yungayinocl"],"_links":{"self":[{"href":"https:\/\/www.yungayino.cl\/noticias\/index.php?rest_route=\/wp\/v2\/posts\/25370","targetHints":{"allow":["GET"]}}],"collection":[{"href":"https:\/\/www.yungayino.cl\/noticias\/index.php?rest_route=\/wp\/v2\/posts"}],"about":[{"href":"https:\/\/www.yungayino.cl\/noticias\/index.php?rest_route=\/wp\/v2\/types\/post"}],"author":[{"embeddable":true,"href":"https:\/\/www.yungayino.cl\/noticias\/index.php?rest_route=\/wp\/v2\/users\/2"}],"replies":[{"embeddable":true,"href":"https:\/\/www.yungayino.cl\/noticias\/index.php?rest_route=%2Fwp%2Fv2%2Fcomments&post=25370"}],"version-history":[{"count":4,"href":"https:\/\/www.yungayino.cl\/noticias\/index.php?rest_route=\/wp\/v2\/posts\/25370\/revisions"}],"predecessor-version":[{"id":25375,"href":"https:\/\/www.yungayino.cl\/noticias\/index.php?rest_route=\/wp\/v2\/posts\/25370\/revisions\/25375"}],"wp:featuredmedia":[{"embeddable":true,"href":"https:\/\/www.yungayino.cl\/noticias\/index.php?rest_route=\/wp\/v2\/media\/25371"}],"wp:attachment":[{"href":"https:\/\/www.yungayino.cl\/noticias\/index.php?rest_route=%2Fwp%2Fv2%2Fmedia&parent=25370"}],"wp:term":[{"taxonomy":"category","embeddable":true,"href":"https:\/\/www.yungayino.cl\/noticias\/index.php?rest_route=%2Fwp%2Fv2%2Fcategories&post=25370"},{"taxonomy":"post_tag","embeddable":true,"href":"https:\/\/www.yungayino.cl\/noticias\/index.php?rest_route=%2Fwp%2Fv2%2Ftags&post=25370"}],"curies":[{"name":"wp","href":"https:\/\/api.w.org\/{rel}","templated":true}]}}