{"id":25392,"date":"2021-11-25T10:00:16","date_gmt":"2021-11-25T13:00:16","guid":{"rendered":"http:\/\/www.yungayino.cl\/noticias\/?p=25392"},"modified":"2021-11-25T16:33:22","modified_gmt":"2021-11-25T19:33:22","slug":"cerca-de-42-mil-contratos-en-nuble-a-la-fecha-han-sido-complementados-con-subsidios-al-empleo","status":"publish","type":"post","link":"https:\/\/www.yungayino.cl\/noticias\/?p=25392","title":{"rendered":"Cerca de 42 Mil Contratos en \u00d1uble a la Fecha Han Sido Complementados con Subsidios al Empleo"},"content":{"rendered":"<p><img loading=\"lazy\" decoding=\"async\" class=\"alignnone size-full wp-image-25393\" src=\"http:\/\/www.yungayino.cl\/noticias\/wp-content\/uploads\/2021\/11\/subsidio-al-empleo.jpg\" alt=\"\" width=\"700\" height=\"350\" srcset=\"https:\/\/www.yungayino.cl\/noticias\/wp-content\/uploads\/2021\/11\/subsidio-al-empleo.jpg 700w, https:\/\/www.yungayino.cl\/noticias\/wp-content\/uploads\/2021\/11\/subsidio-al-empleo-300x150.jpg 300w\" sizes=\"auto, (max-width: 700px) 100vw, 700px\" \/><\/p>\n<p style=\"text-align: justify;\">\u00d1uble, noviembre 2021: Segundo pago efectivo del IFE Laboral fue traspasado a un total de 10.935 trabajadores de la zona.<\/p>\n<p style=\"text-align: justify;\">Cerca de 42 mil contratos de trabajo en \u00d1uble han sido complementados con alguno de los subsidios al empleo desde septiembre de 2020 a la fecha, seg\u00fan dio a conocer el \u00faltimo reporte elaborado por el Servicio Nacional de Capacitaci\u00f3n y Empleo (Sence).<\/p>\n<p style=\"text-align: justify;\">La l\u00ednea \u201cContrata\u201d es la que concentra la mayor cantidad de beneficiarios, con 28.565. En tanto, el segundo pago efectivo del nuevo IFE Laboral -correspondiente a octubre- fue traspasado a un total de 10.935 trabajadores que se desempe\u00f1an en la zona.<\/p>\n<p style=\"text-align: justify;\">El seremi (s) del Trabajo y Previsi\u00f3n Social, Edmundo Novoa, destac\u00f3 que la iniciativa gubernamental \u201csigue permitiendo que se abran nuevas fuentes de trabajo formales, con complementos remuneracionales que pueden alcanzar los $290 mil, lo cual es fundamental especialmente a la hora de tratar la reinserci\u00f3n de las mujeres en el mercado del trabajo, cuya colocaci\u00f3n ha ido al alza, pero a\u00fan queda camino por recorrer ya que la afectaci\u00f3n de la pandemia las hizo retroceder en casi diez a\u00f1os\u201d.<\/p>\n<p style=\"text-align: justify;\">Otra estad\u00edstica que muestra el informe del Sence, arroja que el 12,7% de las empresas locales (4.319) cuenta con trabajadores que reciben aportes estatales por concepto de subsidios al empleo. Esto sit\u00faa a \u00d1uble como la regi\u00f3n con mayor incidencia en tal sentido.<\/p>\n<p style=\"text-align: justify;\">\u201cEl motor de la econom\u00eda en nuestra regi\u00f3n y el pa\u00eds son las peque\u00f1as y medianas empresas, los emprendimientos que generan actividad y empleo. Por ello, el llamado es a que tanto los trabajadores como los empleadores de todos los rubros y sectores econ\u00f3micos sigan haciendo uso de los subsidios, y garanticen de esta manera el hecho de contar con fuentes laborales en la formalidad, con seguridad social. Como Gobierno tenemos el convencimiento que la mejor pol\u00edtica social que se puede entregar en este minuto, y en general, es incentivar la creaci\u00f3n de empleo\u201d.<\/p>\n<p style=\"text-align: justify;\">El IFE Laboral puede ser postulado por todos los trabajadores que hayan iniciado una relaci\u00f3n laboral a partir del 1 de agosto de este a\u00f1o -acreditando un mes de cesant\u00eda previa- y que su remuneraci\u00f3n bruta mensual no supere los tres ingresos m\u00ednimos ($1.011.000). Adem\u00e1s, la medida reemplaza a la l\u00ednea de subsidio \u201cNuevo Empleo\u201d, por lo que quienes ven\u00edan recibi\u00e9ndola pasar\u00e1n a obtener autom\u00e1ticamente dicho aporte.<\/p>\n<p style=\"text-align: justify;\">Asimismo, dicho subsidio es absolutamente compatible y complementario con el Ingreso Familiar de Emergencia Universal, y con los aportes de las l\u00edneas \u201cRegresa\u201d y \u201cContrata\u201d.<\/p>\n","protected":false},"excerpt":{"rendered":"<p>\u00d1uble, noviembre 2021: Segundo pago efectivo del IFE Laboral fue traspasado a un total de 10.935 trabajadores de la zona. Cerca de 42 mil contratos de trabajo en \u00d1uble han sido complementados con alguno&#46;&#46;&#46;<\/p>\n","protected":false},"author":2,"featured_media":25393,"comment_status":"closed","ping_status":"open","sticky":false,"template":"","format":"standard","meta":{"footnotes":""},"categories":[1],"tags":[1115,1678,8,6,117],"class_list":["post-25392","post","type-post","status-publish","format-standard","has-post-thumbnail","hentry","category-noticias","tag-noticias","tag-nuble","tag-yungay","tag-yungayino","tag-yungayinocl"],"_links":{"self":[{"href":"https:\/\/www.yungayino.cl\/noticias\/index.php?rest_route=\/wp\/v2\/posts\/25392","targetHints":{"allow":["GET"]}}],"collection":[{"href":"https:\/\/www.yungayino.cl\/noticias\/index.php?rest_route=\/wp\/v2\/posts"}],"about":[{"href":"https:\/\/www.yungayino.cl\/noticias\/index.php?rest_route=\/wp\/v2\/types\/post"}],"author":[{"embeddable":true,"href":"https:\/\/www.yungayino.cl\/noticias\/index.php?rest_route=\/wp\/v2\/users\/2"}],"replies":[{"embeddable":true,"href":"https:\/\/www.yungayino.cl\/noticias\/index.php?rest_route=%2Fwp%2Fv2%2Fcomments&post=25392"}],"version-history":[{"count":1,"href":"https:\/\/www.yungayino.cl\/noticias\/index.php?rest_route=\/wp\/v2\/posts\/25392\/revisions"}],"predecessor-version":[{"id":25394,"href":"https:\/\/www.yungayino.cl\/noticias\/index.php?rest_route=\/wp\/v2\/posts\/25392\/revisions\/25394"}],"wp:featuredmedia":[{"embeddable":true,"href":"https:\/\/www.yungayino.cl\/noticias\/index.php?rest_route=\/wp\/v2\/media\/25393"}],"wp:attachment":[{"href":"https:\/\/www.yungayino.cl\/noticias\/index.php?rest_route=%2Fwp%2Fv2%2Fmedia&parent=25392"}],"wp:term":[{"taxonomy":"category","embeddable":true,"href":"https:\/\/www.yungayino.cl\/noticias\/index.php?rest_route=%2Fwp%2Fv2%2Fcategories&post=25392"},{"taxonomy":"post_tag","embeddable":true,"href":"https:\/\/www.yungayino.cl\/noticias\/index.php?rest_route=%2Fwp%2Fv2%2Ftags&post=25392"}],"curies":[{"name":"wp","href":"https:\/\/api.w.org\/{rel}","templated":true}]}}