{"id":25420,"date":"2021-12-03T12:00:29","date_gmt":"2021-12-03T15:00:29","guid":{"rendered":"http:\/\/www.yungayino.cl\/noticias\/?p=25420"},"modified":"2021-12-03T12:43:45","modified_gmt":"2021-12-03T15:43:45","slug":"mas-de-7-mil-nublensinos-rendiran-la-prueba-de-transicion","status":"publish","type":"post","link":"https:\/\/www.yungayino.cl\/noticias\/?p=25420","title":{"rendered":"M\u00e1s de 7 Mil \u00d1ublensinos Rendir\u00e1n la Prueba de Transici\u00f3n"},"content":{"rendered":"<p><img loading=\"lazy\" decoding=\"async\" class=\"alignnone size-full wp-image-25421\" src=\"http:\/\/www.yungayino.cl\/noticias\/wp-content\/uploads\/2021\/12\/Prueba-De-Transicion.jpg\" alt=\"\" width=\"700\" height=\"351\" srcset=\"https:\/\/www.yungayino.cl\/noticias\/wp-content\/uploads\/2021\/12\/Prueba-De-Transicion.jpg 700w, https:\/\/www.yungayino.cl\/noticias\/wp-content\/uploads\/2021\/12\/Prueba-De-Transicion-300x150.jpg 300w, https:\/\/www.yungayino.cl\/noticias\/wp-content\/uploads\/2021\/12\/Prueba-De-Transicion-299x150.jpg 299w\" sizes=\"auto, (max-width: 700px) 100vw, 700px\" \/><\/p>\n<p style=\"text-align: justify;\">\u00d1uble, diciembre 2021: La aplicaci\u00f3n de la PDT se realizar\u00e1 en dos turnos; el primero el lunes 6 y martes, y el segundo, el jueves 9 y viernes 10 de diciembre.<\/p>\n<p style=\"text-align: justify;\">Con el fin de repetir la exitosa estrategia que se realiz\u00f3 el a\u00f1o pasado por motivos de la pandemia, Mineduc decidi\u00f3 mantener la realizaci\u00f3n de la Prueba de Transici\u00f3n en dos grupos. Es as\u00ed como los 7 mil 873 inscritos deber\u00e1n dividirse para la aplicaci\u00f3n de esta prueba.<\/p>\n<p style=\"text-align: justify;\">El primer grupo rendir\u00e1 la PDT los d\u00edas 6 y 7 de diciembre a partir de las 10 de la ma\u00f1ana con la prueba de Comprensi\u00f3n Lectora y continuar\u00e1 a las 15 horas con la de Ciencias. El proceso seguir\u00e1 el martes, con los mismos horarios y con las pruebas de Matem\u00e1ticas y de Historia y Ciencias Sociales respectivamente. Mientras que el segundo grupo dir\u00e1 presente el jueves 9 y viernes 10, con los mismos horarios y orden de rendici\u00f3n de las pruebas.<\/p>\n<p style=\"text-align: justify;\">El Seremi de Educaci\u00f3n, Patricio Parejas, destac\u00f3 las medidas de seguridad que realiz\u00f3 Mineduc para la correcta realizaci\u00f3n de la PDT \u201cpara este 2021, al igual que el a\u00f1o pasado, dividiremos en dos grupos a quienes rinden la prueba, todo esto con el fin de brindar mayor seguridad y resguardar las medidas sanitarias. Por lo mismo, el ingreso al local ser\u00e1 15 minutos antes del inicio de la prueba. Cada persona debe portar su mascarilla, que debe usar en todo momento, llevar impresa su tarjeta de identificaci\u00f3n, su carnet de identidad y l\u00e1piz mina N\u00b02 o portaminas HB\u201d.<\/p>\n<p style=\"text-align: justify;\">Es importante recordarles a los postulantes que, a partir de las 9 horas del s\u00e1bado 4 de diciembre, a trav\u00e9s de acceso.mineduc.cl, podr\u00e1n conocer sus locales de aplicaci\u00f3n.<\/p>\n<p style=\"text-align: justify;\">Finalmente, los postulantes que por alguna circunstancia de fuerza mayor, no puedan asistir a rendir la PDT, no agotan sus posibilidades de acceder a las universidades adscritas al Sistema de Acceso. Las universidades cuentan con mayor espacio para v\u00edas de admisi\u00f3n especiales y programas que no necesariamente solicitan la prueba. Sin perjuicio de lo anterior, quienes se encuentren en esta situaci\u00f3n podr\u00e1n solicitar a la Subsecretar\u00eda de Educaci\u00f3n Superior, siguiendo los procedimientos que esta determine, rendir sin costo las pruebas en la nueva aplicaci\u00f3n de invierno.<\/p>\n","protected":false},"excerpt":{"rendered":"<p>\u00d1uble, diciembre 2021: La aplicaci\u00f3n de la PDT se realizar\u00e1 en dos turnos; el primero el lunes 6 y martes, y el segundo, el jueves 9 y viernes 10 de diciembre. Con el fin&#46;&#46;&#46;<\/p>\n","protected":false},"author":2,"featured_media":25421,"comment_status":"closed","ping_status":"open","sticky":false,"template":"","format":"standard","meta":{"footnotes":""},"categories":[1],"tags":[1115,1678,2534,8,6,117],"class_list":["post-25420","post","type-post","status-publish","format-standard","has-post-thumbnail","hentry","category-noticias","tag-noticias","tag-nuble","tag-pdt","tag-yungay","tag-yungayino","tag-yungayinocl"],"_links":{"self":[{"href":"https:\/\/www.yungayino.cl\/noticias\/index.php?rest_route=\/wp\/v2\/posts\/25420","targetHints":{"allow":["GET"]}}],"collection":[{"href":"https:\/\/www.yungayino.cl\/noticias\/index.php?rest_route=\/wp\/v2\/posts"}],"about":[{"href":"https:\/\/www.yungayino.cl\/noticias\/index.php?rest_route=\/wp\/v2\/types\/post"}],"author":[{"embeddable":true,"href":"https:\/\/www.yungayino.cl\/noticias\/index.php?rest_route=\/wp\/v2\/users\/2"}],"replies":[{"embeddable":true,"href":"https:\/\/www.yungayino.cl\/noticias\/index.php?rest_route=%2Fwp%2Fv2%2Fcomments&post=25420"}],"version-history":[{"count":1,"href":"https:\/\/www.yungayino.cl\/noticias\/index.php?rest_route=\/wp\/v2\/posts\/25420\/revisions"}],"predecessor-version":[{"id":25422,"href":"https:\/\/www.yungayino.cl\/noticias\/index.php?rest_route=\/wp\/v2\/posts\/25420\/revisions\/25422"}],"wp:featuredmedia":[{"embeddable":true,"href":"https:\/\/www.yungayino.cl\/noticias\/index.php?rest_route=\/wp\/v2\/media\/25421"}],"wp:attachment":[{"href":"https:\/\/www.yungayino.cl\/noticias\/index.php?rest_route=%2Fwp%2Fv2%2Fmedia&parent=25420"}],"wp:term":[{"taxonomy":"category","embeddable":true,"href":"https:\/\/www.yungayino.cl\/noticias\/index.php?rest_route=%2Fwp%2Fv2%2Fcategories&post=25420"},{"taxonomy":"post_tag","embeddable":true,"href":"https:\/\/www.yungayino.cl\/noticias\/index.php?rest_route=%2Fwp%2Fv2%2Ftags&post=25420"}],"curies":[{"name":"wp","href":"https:\/\/api.w.org\/{rel}","templated":true}]}}