{"id":25446,"date":"2021-12-10T10:00:01","date_gmt":"2021-12-10T13:00:01","guid":{"rendered":"http:\/\/www.yungayino.cl\/noticias\/?p=25446"},"modified":"2021-12-10T14:09:36","modified_gmt":"2021-12-10T17:09:36","slug":"gobierno-regional-y-subtel-firman-convenio-para-programa-fibra-optica-nuble-ultima-milla","status":"publish","type":"post","link":"https:\/\/www.yungayino.cl\/noticias\/?p=25446","title":{"rendered":"Gobierno Regional y Subtel Firman Convenio Para Programa Fibra \u00d3ptica \u00d1uble &#8211; \u00daltima Milla"},"content":{"rendered":"<p><img loading=\"lazy\" decoding=\"async\" class=\"alignnone size-full wp-image-25447\" src=\"http:\/\/www.yungayino.cl\/noticias\/wp-content\/uploads\/2021\/12\/internet.jpg\" alt=\"\" width=\"700\" height=\"351\" srcset=\"https:\/\/www.yungayino.cl\/noticias\/wp-content\/uploads\/2021\/12\/internet.jpg 700w, https:\/\/www.yungayino.cl\/noticias\/wp-content\/uploads\/2021\/12\/internet-300x150.jpg 300w, https:\/\/www.yungayino.cl\/noticias\/wp-content\/uploads\/2021\/12\/internet-299x150.jpg 299w\" sizes=\"auto, (max-width: 700px) 100vw, 700px\" \/><\/p>\n<p style=\"text-align: justify;\">\u00d1uble, diciembre 2021: Fue la Escuela de Perales, en la comuna de Coelemu, el lugar escogido para llevar a cabo la firma del convenio entre el Gobierno Regional de \u00d1uble y la Subsecretar\u00eda de Telecomunicaciones, Subtel, que permitir\u00e1 ejecutar uno de los proyectos m\u00e1s anhelados por los vecinos de \u00d1uble: Fibra \u00d3ptica \u00d1uble- \u00daltima Milla con el objetivo de dotar de Internet hogar a servicios y viviendas de la regi\u00f3n. El lugar no fue escogido al azar, ya que representa uno de los sectores apartados del territorio a los que se espera llegar con conectividad digital.<\/p>\n<p style=\"text-align: justify;\">En la instancia, el Gobernador \u00d3scar Cris\u00f3stomo y el Subsecretario Francisco Moreno, firmaron el convenio a trav\u00e9s del cual el Gobierno Regional de \u00d1uble transferir\u00e1 M$7.604.613 a la Subtel que ser\u00e1 la encargada de ejecutar el programa en dos etapas. La primera de ellas es la Fibra \u00d3ptica \u00d1uble que consiste en llegar a las localidades que actualmente no est\u00e1n cubiertas con el proyecto de Fibra \u00d3ptica Nacional considerando una cobertura del 100% de las ciudades, pueblos y aldeas de \u00d1uble en un trazado aproximado de 591 kil\u00f3metros. En la segunda etapa, se encuentra el proyecto \u00daltima Milla que consiste en que la infraestructura proporcionada por Fibra \u00d3ptica \u00d1uble, sea utilizada para la cobertura de servicios internet hogar tanto para localidades con mayor concentraci\u00f3n de viviendas como internet inal\u00e1mbrico para localidades con poblaci\u00f3n m\u00e1s dispersa. Para este proyecto se ha definido un trazado estimado de 270 kil\u00f3metros a lo largo y ancho de la regi\u00f3n.<\/p>\n<p style=\"text-align: justify;\">El Gobernador Cris\u00f3stomo enfatiz\u00f3 que \u201ceste\u00a0 es un gran paso, son 7.600 millones de pesos, uno de los convenios m\u00e1s grandes que tenemos, aqu\u00ed estamos dando un paso para que el camino digital est\u00e9 al alcance de todos nosotros y con esto creo que tambi\u00e9n tenemos que ser claros, no es que todas las casas vayan a quedar con Internet subsidiado por el Estado, lo que va a quedar es la conexi\u00f3n\u00a0 digital en la puerta de su domicilio, para que usted pueda contratar libremente, y no\u00a0 habr\u00e1 excusa para que alguna compa\u00f1\u00eda diga que no puede llegar hasta all\u00e1. Porque hoy lo que estamos haciendo es que nosotros habilitaremos la conectividad hasta esa localidad, ese el proyecto que hoy estamos iniciando 21, 38 localidades, gran parte de la regi\u00f3n de \u00d1uble va a quedar conectada y de eso se trata cuando hablamos de generar equidad, esto viene a dar equidad y profundizar la democracia\u201d.<\/p>\n<p style=\"text-align: justify;\">\u201cLa regi\u00f3n de \u00d1uble es una regi\u00f3n amplia, no se constituye en su capital regional solamente, donde sin lugar a dudas hemos puesto mucha energ\u00eda, la regi\u00f3n de \u00d1uble la constituyen las 21 comunas y todas sus localidades, por eso no es casualidad que estemos en Perales. (\u2026) estamos ac\u00e1 para decirles que, para este Gobierno Regional de \u00d1uble, todos los habitantes son importantes\u201d, recalc\u00f3 la m\u00e1xima autoridad regional.<\/p>\n<p style=\"text-align: justify;\">Avances en la conectividad<\/p>\n<p style=\"text-align: justify;\">Francisco Moreno, Subsecretario de Telecomunicaciones, afirm\u00f3 que \u201choy es un d\u00eda que marcar\u00e1 un antes y un despu\u00e9s para la Regi\u00f3n de \u00d1uble. Sin duda, la firma del convenio para el despliegue de los proyectos de \u00daltima Milla y la Fibra \u00d3ptica Rural de \u00d1uble significar\u00e1 el primer paso para una explosi\u00f3n de conectividad que aumentar\u00e1 significativamente la inclusi\u00f3n digital de miles de familias, principalmente para aquellas que residen en las comunas m\u00e1s aisladas de \u00d1uble. Atr\u00e1s quedar\u00e1n los d\u00edas de aislamiento digital y se dar\u00e1 un paso gigantesco en materia de conectividad, lo que permitir\u00e1 que los hogares de la regi\u00f3n puedan acceder a los m\u00faltiples beneficios que conlleva la conectividad de alta velocidad, desde el teletrabajo hasta la educaci\u00f3n a distancia, pasando por el comercio electr\u00f3nico y el impulso para emprendimientos ligados a la innovaci\u00f3n digital\u201d.<\/p>\n<p style=\"text-align: justify;\">Alcalde de Coelemu, Alejandro Pedreros, valor\u00f3 que esta noticia se diera en un sector rural de la comuna, \u201cno siempre todas las noticias hay que entregarlas en la capitales provinciales o regionales, yo siempre he sostenido y me alegro que hoy podamos visibilizarlo, que en este pa\u00eds no existen los ciudadanos de primera categor\u00eda o de segunda, somos todos igual y merecemos las mismas oportunidades, merecemos tambi\u00e9n el acceso y la garant\u00eda de poder digitalizarnos\u201d. Y en ese sentido, reafirm\u00f3, \u201choy d\u00eda tenemos la obligaci\u00f3n de hacer que el progreso llegue a todas y cada uno de los rincones de nuestra comuna, para que podamos decir con fuerza, que la costa, Coelemu y \u00d1uble tiene acceso a fibra \u00f3ptica\u201d.<\/p>\n","protected":false},"excerpt":{"rendered":"<p>\u00d1uble, diciembre 2021: Fue la Escuela de Perales, en la comuna de Coelemu, el lugar escogido para llevar a cabo la firma del convenio entre el Gobierno Regional de \u00d1uble y la Subsecretar\u00eda de&#46;&#46;&#46;<\/p>\n","protected":false},"author":2,"featured_media":25447,"comment_status":"closed","ping_status":"open","sticky":false,"template":"","format":"standard","meta":{"footnotes":""},"categories":[1,32],"tags":[1588,2351,1115,8,6,117],"class_list":["post-25446","post","type-post","status-publish","format-standard","has-post-thumbnail","hentry","category-noticias","category-servicios","tag-fibra-optica","tag-internet","tag-noticias","tag-yungay","tag-yungayino","tag-yungayinocl"],"_links":{"self":[{"href":"https:\/\/www.yungayino.cl\/noticias\/index.php?rest_route=\/wp\/v2\/posts\/25446","targetHints":{"allow":["GET"]}}],"collection":[{"href":"https:\/\/www.yungayino.cl\/noticias\/index.php?rest_route=\/wp\/v2\/posts"}],"about":[{"href":"https:\/\/www.yungayino.cl\/noticias\/index.php?rest_route=\/wp\/v2\/types\/post"}],"author":[{"embeddable":true,"href":"https:\/\/www.yungayino.cl\/noticias\/index.php?rest_route=\/wp\/v2\/users\/2"}],"replies":[{"embeddable":true,"href":"https:\/\/www.yungayino.cl\/noticias\/index.php?rest_route=%2Fwp%2Fv2%2Fcomments&post=25446"}],"version-history":[{"count":2,"href":"https:\/\/www.yungayino.cl\/noticias\/index.php?rest_route=\/wp\/v2\/posts\/25446\/revisions"}],"predecessor-version":[{"id":25449,"href":"https:\/\/www.yungayino.cl\/noticias\/index.php?rest_route=\/wp\/v2\/posts\/25446\/revisions\/25449"}],"wp:featuredmedia":[{"embeddable":true,"href":"https:\/\/www.yungayino.cl\/noticias\/index.php?rest_route=\/wp\/v2\/media\/25447"}],"wp:attachment":[{"href":"https:\/\/www.yungayino.cl\/noticias\/index.php?rest_route=%2Fwp%2Fv2%2Fmedia&parent=25446"}],"wp:term":[{"taxonomy":"category","embeddable":true,"href":"https:\/\/www.yungayino.cl\/noticias\/index.php?rest_route=%2Fwp%2Fv2%2Fcategories&post=25446"},{"taxonomy":"post_tag","embeddable":true,"href":"https:\/\/www.yungayino.cl\/noticias\/index.php?rest_route=%2Fwp%2Fv2%2Ftags&post=25446"}],"curies":[{"name":"wp","href":"https:\/\/api.w.org\/{rel}","templated":true}]}}