{"id":25450,"date":"2021-12-11T20:00:27","date_gmt":"2021-12-11T23:00:27","guid":{"rendered":"http:\/\/www.yungayino.cl\/noticias\/?p=25450"},"modified":"2021-12-12T20:12:22","modified_gmt":"2021-12-12T23:12:22","slug":"organizaciones-sociales-reciben-subvencion-deporte-y-cultura-regional-de-nuble","status":"publish","type":"post","link":"https:\/\/www.yungayino.cl\/noticias\/?p=25450","title":{"rendered":"Organizaciones Sociales Reciben Subvenci\u00f3n Deporte y Cultura Regional de \u00d1uble"},"content":{"rendered":"<p><img loading=\"lazy\" decoding=\"async\" class=\"alignnone size-full wp-image-25451\" src=\"http:\/\/www.yungayino.cl\/noticias\/wp-content\/uploads\/2021\/12\/portada-organizaciones.jpg\" alt=\"\" width=\"700\" height=\"350\" srcset=\"https:\/\/www.yungayino.cl\/noticias\/wp-content\/uploads\/2021\/12\/portada-organizaciones.jpg 700w, https:\/\/www.yungayino.cl\/noticias\/wp-content\/uploads\/2021\/12\/portada-organizaciones-300x150.jpg 300w\" sizes=\"auto, (max-width: 700px) 100vw, 700px\" \/><\/p>\n<p style=\"text-align: justify;\">Yungay, diciembre 2021: El administrador municipal, Guillermo Saavedra Jim\u00e9nez, en representaci\u00f3n del alcalde de nuestra comuna, Rafael Cifuentes Rodr\u00edguez, acompa\u00f1\u00f3 a las organizaciones sociales beneficiadas con las subvenciones de Deporte y Cultura del Gobierno Regional de \u00d1uble, quienes firmaron el convenio para la transferencia de sus fondos, de manos del gobernador regional de \u00d1uble, \u00d3scar Cris\u00f3stomo Llanos.<\/p>\n<p style=\"text-align: justify;\">Dicha convocatoria se realiz\u00f3 en la comuna de El Carmen y convoc\u00f3, adem\u00e1s de las organizaciones de Yungay, a las instituciones beneficiadas de San Ignacio, El Carmen y Pemuco.<\/p>\n","protected":false},"excerpt":{"rendered":"<p>Yungay, diciembre 2021: El administrador municipal, Guillermo Saavedra Jim\u00e9nez, en representaci\u00f3n del alcalde de nuestra comuna, Rafael Cifuentes Rodr\u00edguez, acompa\u00f1\u00f3 a las organizaciones sociales beneficiadas con las subvenciones de Deporte y Cultura del Gobierno&#46;&#46;&#46;<\/p>\n","protected":false},"author":2,"featured_media":25451,"comment_status":"closed","ping_status":"open","sticky":false,"template":"","format":"standard","meta":{"footnotes":""},"categories":[1],"tags":[1115,8,6,117],"class_list":["post-25450","post","type-post","status-publish","format-standard","has-post-thumbnail","hentry","category-noticias","tag-noticias","tag-yungay","tag-yungayino","tag-yungayinocl"],"_links":{"self":[{"href":"https:\/\/www.yungayino.cl\/noticias\/index.php?rest_route=\/wp\/v2\/posts\/25450","targetHints":{"allow":["GET"]}}],"collection":[{"href":"https:\/\/www.yungayino.cl\/noticias\/index.php?rest_route=\/wp\/v2\/posts"}],"about":[{"href":"https:\/\/www.yungayino.cl\/noticias\/index.php?rest_route=\/wp\/v2\/types\/post"}],"author":[{"embeddable":true,"href":"https:\/\/www.yungayino.cl\/noticias\/index.php?rest_route=\/wp\/v2\/users\/2"}],"replies":[{"embeddable":true,"href":"https:\/\/www.yungayino.cl\/noticias\/index.php?rest_route=%2Fwp%2Fv2%2Fcomments&post=25450"}],"version-history":[{"count":1,"href":"https:\/\/www.yungayino.cl\/noticias\/index.php?rest_route=\/wp\/v2\/posts\/25450\/revisions"}],"predecessor-version":[{"id":25452,"href":"https:\/\/www.yungayino.cl\/noticias\/index.php?rest_route=\/wp\/v2\/posts\/25450\/revisions\/25452"}],"wp:featuredmedia":[{"embeddable":true,"href":"https:\/\/www.yungayino.cl\/noticias\/index.php?rest_route=\/wp\/v2\/media\/25451"}],"wp:attachment":[{"href":"https:\/\/www.yungayino.cl\/noticias\/index.php?rest_route=%2Fwp%2Fv2%2Fmedia&parent=25450"}],"wp:term":[{"taxonomy":"category","embeddable":true,"href":"https:\/\/www.yungayino.cl\/noticias\/index.php?rest_route=%2Fwp%2Fv2%2Fcategories&post=25450"},{"taxonomy":"post_tag","embeddable":true,"href":"https:\/\/www.yungayino.cl\/noticias\/index.php?rest_route=%2Fwp%2Fv2%2Ftags&post=25450"}],"curies":[{"name":"wp","href":"https:\/\/api.w.org\/{rel}","templated":true}]}}