{"id":25462,"date":"2021-12-14T07:00:12","date_gmt":"2021-12-14T10:00:12","guid":{"rendered":"http:\/\/www.yungayino.cl\/noticias\/?p=25462"},"modified":"2021-12-12T20:34:31","modified_gmt":"2021-12-12T23:34:31","slug":"en-nuble-se-crea-la-primera-bebida-chilena-de-avellanas-organicas","status":"publish","type":"post","link":"https:\/\/www.yungayino.cl\/noticias\/?p=25462","title":{"rendered":"En \u00d1uble se Crea la Primera Bebida Chilena de Avellanas Org\u00e1nicas"},"content":{"rendered":"<p><img loading=\"lazy\" decoding=\"async\" class=\"alignnone size-full wp-image-25463\" src=\"http:\/\/www.yungayino.cl\/noticias\/wp-content\/uploads\/2021\/12\/avellanas-europeas-organicas.jpg\" alt=\"\" width=\"700\" height=\"350\" srcset=\"https:\/\/www.yungayino.cl\/noticias\/wp-content\/uploads\/2021\/12\/avellanas-europeas-organicas.jpg 700w, https:\/\/www.yungayino.cl\/noticias\/wp-content\/uploads\/2021\/12\/avellanas-europeas-organicas-300x150.jpg 300w\" sizes=\"auto, (max-width: 700px) 100vw, 700px\" \/><\/p>\n<p style=\"text-align: justify;\">\u00d1uble, diciembre 2021: El proyecto es cofinanciado por Corfo y ejecutado por Agr\u00edcola Los Avellanos.<\/p>\n<p style=\"text-align: justify;\">Desarrollar y validar la primera bebida en polvo de avellanas org\u00e1nicas en Chile, es el objetivo del proyecto que lleva adelante la empresa Agr\u00edcola Los Avellanos, ubicada en la Regi\u00f3n de \u00d1uble, que con recursos de la l\u00ednea Crea y Valida de Corfo, trabaja en el prototipaje, pilotaje, escalamiento y validaci\u00f3n comercial del producto.<\/p>\n<p style=\"text-align: justify;\">\u201cA trav\u00e9s de esta iniciativa daremos valor a nuestra producci\u00f3n de avellanas europeas org\u00e1nicas y responderemos a una de las demandas alimentarias mundiales, que tienen que ver con el consumo de productos amigables con el medioambiente, con envases compostables, de origen vegetal, org\u00e1nicos, libres de transg\u00e9nicos, qu\u00edmicos y venenos\u201d, se\u00f1ala Nicol\u00e1s Valenzuela Basy-Galup, due\u00f1o de Agr\u00edcola Los Avellanos y presidente de la Asociaci\u00f3n Gremial de Productores Org\u00e1nicos de \u00d1uble.<\/p>\n<p style=\"text-align: justify;\">El director regional de Corfo, Daniel Sep\u00falveda, explica que esta iniciativa tiene un alto potencial, porque plantea el desarrollo de un producto con mayor valor agregado de un fruto que es cada vez m\u00e1s requerido en mercados internacionales. \u201cEste proyecto tiene gran valor para nuestra regi\u00f3n porque, por un lado, es innovador y diversifica la actividad de la empresa cuya base es el cultivo del avellano europeo, fruto que adem\u00e1s es cada vez m\u00e1s demandado por su aporte nutricional; y, por otro lado, porque se desarrolla bajo una propuesta sostenible y con bajo impacto en el medio ambiente, lo que va directamente en la l\u00ednea de que lo que desde Corfo estamos promoviendo\u201d.<\/p>\n<p style=\"text-align: justify;\">Agr\u00edcola Los Avellanos, emplazada en el sector de Tanilvoro, cuenta con el primer huerto org\u00e1nico certificado de Chile, que producen bajo un sistema agroecol\u00f3gico. Adem\u00e1s del avellano europeo, cultivan berries org\u00e1nicos como la frambuesa, el ar\u00e1ndano, el maqui, la mora y el calafate, y elaboran avellanas tostadas en formato de snack y mermeladas premium mix de berries, que venden en un 100% en nuestro pa\u00eds, desde Arica a Puc\u00f3n, inclu\u00eddo Rapa Nui, y que se producen a un bajo costo, gracias a que la misma empresa crea fertilizantes org\u00e1nicos y trabaja bajo un sistema agroecol\u00f3gico silvopastoril.<\/p>\n<p style=\"text-align: justify;\">\u201cEn esta nueva apuesta comercial queremos integrar a todos nuestros cultivos org\u00e1nicos y ofrecer una bebida instant\u00e1nea de avellana, org\u00e1nica y sin sellos, con distintas propuestas de sabores, relacionadas a las frutas que producimos en nuestro huerto, y que nos permiten entregar alimentos de alta calidad a nuestros consumidores. Uno de nuestros prop\u00f3sitos es que la fruta que producimos con calidad de exportaci\u00f3n (libre de qu\u00edmicos y venenos) quede disponible en Chile y que aqu\u00ed tambi\u00e9n nos podamos alimentar con productos de altos est\u00e1ndares de calidad internacional\u00bb, indica el empresario.<\/p>\n<p style=\"text-align: justify;\">En la actualidad, Agr\u00edcola Los Avellanos trabaja con el Centro Tecnol\u00f3gico para la Innovaci\u00f3n Alimentaria, CETA, en el desarrollo del prototipo de este producto y se proyecta que en septiembre de 2022 est\u00e9 disponible en el mercado nacional.<\/p>\n<p style=\"text-align: justify;\">Para mayor informaci\u00f3n de la empresa y sus productos, pueden revisar sus redes sociales @agricolalosavellanos en Instagram, Facebook, TikTok y youtube, o en <a href=\"http:\/\/www.agricolalosavellanos.com\">www.agricolalosavellanos.com<\/a>.<\/p>\n","protected":false},"excerpt":{"rendered":"<p>\u00d1uble, diciembre 2021: El proyecto es cofinanciado por Corfo y ejecutado por Agr\u00edcola Los Avellanos. Desarrollar y validar la primera bebida en polvo de avellanas org\u00e1nicas en Chile, es el objetivo del proyecto que&#46;&#46;&#46;<\/p>\n","protected":false},"author":2,"featured_media":25463,"comment_status":"closed","ping_status":"open","sticky":false,"template":"","format":"standard","meta":{"footnotes":""},"categories":[1],"tags":[478,1115,1678,8,6,117],"class_list":["post-25462","post","type-post","status-publish","format-standard","has-post-thumbnail","hentry","category-noticias","tag-corfo","tag-noticias","tag-nuble","tag-yungay","tag-yungayino","tag-yungayinocl"],"_links":{"self":[{"href":"https:\/\/www.yungayino.cl\/noticias\/index.php?rest_route=\/wp\/v2\/posts\/25462","targetHints":{"allow":["GET"]}}],"collection":[{"href":"https:\/\/www.yungayino.cl\/noticias\/index.php?rest_route=\/wp\/v2\/posts"}],"about":[{"href":"https:\/\/www.yungayino.cl\/noticias\/index.php?rest_route=\/wp\/v2\/types\/post"}],"author":[{"embeddable":true,"href":"https:\/\/www.yungayino.cl\/noticias\/index.php?rest_route=\/wp\/v2\/users\/2"}],"replies":[{"embeddable":true,"href":"https:\/\/www.yungayino.cl\/noticias\/index.php?rest_route=%2Fwp%2Fv2%2Fcomments&post=25462"}],"version-history":[{"count":1,"href":"https:\/\/www.yungayino.cl\/noticias\/index.php?rest_route=\/wp\/v2\/posts\/25462\/revisions"}],"predecessor-version":[{"id":25464,"href":"https:\/\/www.yungayino.cl\/noticias\/index.php?rest_route=\/wp\/v2\/posts\/25462\/revisions\/25464"}],"wp:featuredmedia":[{"embeddable":true,"href":"https:\/\/www.yungayino.cl\/noticias\/index.php?rest_route=\/wp\/v2\/media\/25463"}],"wp:attachment":[{"href":"https:\/\/www.yungayino.cl\/noticias\/index.php?rest_route=%2Fwp%2Fv2%2Fmedia&parent=25462"}],"wp:term":[{"taxonomy":"category","embeddable":true,"href":"https:\/\/www.yungayino.cl\/noticias\/index.php?rest_route=%2Fwp%2Fv2%2Fcategories&post=25462"},{"taxonomy":"post_tag","embeddable":true,"href":"https:\/\/www.yungayino.cl\/noticias\/index.php?rest_route=%2Fwp%2Fv2%2Ftags&post=25462"}],"curies":[{"name":"wp","href":"https:\/\/api.w.org\/{rel}","templated":true}]}}