{"id":25468,"date":"2021-12-16T14:00:52","date_gmt":"2021-12-16T17:00:52","guid":{"rendered":"http:\/\/www.yungayino.cl\/noticias\/?p=25468"},"modified":"2021-12-17T14:58:37","modified_gmt":"2021-12-17T17:58:37","slug":"proyecto-adolescentes-y-jovenes-lideres-positivos-de-nuble-eligen-vivir-sin-drogas","status":"publish","type":"post","link":"https:\/\/www.yungayino.cl\/noticias\/?p=25468","title":{"rendered":"Proyecto \u201cAdolescentes y J\u00f3venes L\u00edderes Positivos de \u00d1uble Eligen Vivir Sin Drogas\u201d"},"content":{"rendered":"<p><img loading=\"lazy\" decoding=\"async\" class=\"alignnone size-full wp-image-25470\" src=\"http:\/\/www.yungayino.cl\/noticias\/wp-content\/uploads\/2021\/12\/17-diciembre-senda.jpg\" alt=\"\" width=\"700\" height=\"587\" srcset=\"https:\/\/www.yungayino.cl\/noticias\/wp-content\/uploads\/2021\/12\/17-diciembre-senda.jpg 700w, https:\/\/www.yungayino.cl\/noticias\/wp-content\/uploads\/2021\/12\/17-diciembre-senda-300x252.jpg 300w, https:\/\/www.yungayino.cl\/noticias\/wp-content\/uploads\/2021\/12\/17-diciembre-senda-179x150.jpg 179w\" sizes=\"auto, (max-width: 700px) 100vw, 700px\" \/><\/p>\n<p style=\"text-align: justify;\">Diciembre 2021: La Direcci\u00f3n Regional de SENDA \u00d1uble a trav\u00e9s del Equipo SENDA Previene Yungay, tiene el agrado de invitar a las y los j\u00f3venes yungayinos a participar del proyecto \u00abAdolescentes y J\u00f3venes L\u00edderes Positivos de \u00d1uble Eligen Vivir Sin Drogas\u00bb.<\/p>\n<p style=\"text-align: justify;\">El taller est\u00e1 dirigido a j\u00f3venes entre 15 y 18 a\u00f1os, quienes ser\u00e1n capacitados en ejes tem\u00e1ticos centrales para la prevenci\u00f3n y adem\u00e1s se contar\u00e1 con dos iniciativas art\u00edstico culturales seg\u00fan preferencia (cortometrajes y murales)\u00bb.<\/p>\n<p style=\"text-align: justify;\">\u00a1Quedan pocos cupos!<\/p>\n","protected":false},"excerpt":{"rendered":"<p>Diciembre 2021: La Direcci\u00f3n Regional de SENDA \u00d1uble a trav\u00e9s del Equipo SENDA Previene Yungay, tiene el agrado de invitar a las y los j\u00f3venes yungayinos a participar del proyecto \u00abAdolescentes y J\u00f3venes L\u00edderes&#46;&#46;&#46;<\/p>\n","protected":false},"author":2,"featured_media":25469,"comment_status":"closed","ping_status":"open","sticky":false,"template":"","format":"standard","meta":{"footnotes":""},"categories":[1],"tags":[1115,1974,8,6,117],"class_list":["post-25468","post","type-post","status-publish","format-standard","has-post-thumbnail","hentry","category-noticias","tag-noticias","tag-senda","tag-yungay","tag-yungayino","tag-yungayinocl"],"_links":{"self":[{"href":"https:\/\/www.yungayino.cl\/noticias\/index.php?rest_route=\/wp\/v2\/posts\/25468","targetHints":{"allow":["GET"]}}],"collection":[{"href":"https:\/\/www.yungayino.cl\/noticias\/index.php?rest_route=\/wp\/v2\/posts"}],"about":[{"href":"https:\/\/www.yungayino.cl\/noticias\/index.php?rest_route=\/wp\/v2\/types\/post"}],"author":[{"embeddable":true,"href":"https:\/\/www.yungayino.cl\/noticias\/index.php?rest_route=\/wp\/v2\/users\/2"}],"replies":[{"embeddable":true,"href":"https:\/\/www.yungayino.cl\/noticias\/index.php?rest_route=%2Fwp%2Fv2%2Fcomments&post=25468"}],"version-history":[{"count":1,"href":"https:\/\/www.yungayino.cl\/noticias\/index.php?rest_route=\/wp\/v2\/posts\/25468\/revisions"}],"predecessor-version":[{"id":25471,"href":"https:\/\/www.yungayino.cl\/noticias\/index.php?rest_route=\/wp\/v2\/posts\/25468\/revisions\/25471"}],"wp:featuredmedia":[{"embeddable":true,"href":"https:\/\/www.yungayino.cl\/noticias\/index.php?rest_route=\/wp\/v2\/media\/25469"}],"wp:attachment":[{"href":"https:\/\/www.yungayino.cl\/noticias\/index.php?rest_route=%2Fwp%2Fv2%2Fmedia&parent=25468"}],"wp:term":[{"taxonomy":"category","embeddable":true,"href":"https:\/\/www.yungayino.cl\/noticias\/index.php?rest_route=%2Fwp%2Fv2%2Fcategories&post=25468"},{"taxonomy":"post_tag","embeddable":true,"href":"https:\/\/www.yungayino.cl\/noticias\/index.php?rest_route=%2Fwp%2Fv2%2Ftags&post=25468"}],"curies":[{"name":"wp","href":"https:\/\/api.w.org\/{rel}","templated":true}]}}