{"id":25497,"date":"2021-12-23T07:00:45","date_gmt":"2021-12-23T10:00:45","guid":{"rendered":"http:\/\/www.yungayino.cl\/noticias\/?p=25497"},"modified":"2021-12-21T20:08:09","modified_gmt":"2021-12-21T23:08:09","slug":"prodesal-y-omil-yungay-se-unen-para-acercar-sus-servicios-a-zonas-rurales-de-la-comuna","status":"publish","type":"post","link":"https:\/\/www.yungayino.cl\/noticias\/?p=25497","title":{"rendered":"Prodesal y Omil Yungay se Unen Para Acercar sus Servicios a Zonas Rurales de la Comuna"},"content":{"rendered":"<p><img loading=\"lazy\" decoding=\"async\" class=\"alignnone size-full wp-image-25498\" src=\"http:\/\/www.yungayino.cl\/noticias\/wp-content\/uploads\/2021\/12\/prodesal.jpg\" alt=\"\" width=\"700\" height=\"350\" srcset=\"https:\/\/www.yungayino.cl\/noticias\/wp-content\/uploads\/2021\/12\/prodesal.jpg 700w, https:\/\/www.yungayino.cl\/noticias\/wp-content\/uploads\/2021\/12\/prodesal-300x150.jpg 300w\" sizes=\"auto, (max-width: 700px) 100vw, 700px\" \/><\/p>\n<p style=\"text-align: justify;\">Yungay, diciembre 2021: En el marco de la ejecuci\u00f3n del PRODESAL Yungay y del Fortalecimiento de la OMIL, ambos programas se unieron para acercar sus servicios a zonas rurales de la comuna, espec\u00edficamente de los sectores de: Ranchillo Alto, El Avellano, Santa Luc\u00eda Alto y Bajo, San Antonio Alto y Bajo, Los Mayos, Laureles, Loma Atravesada, El Castillo, El Cardal, Curapaso, Pallahuala, Puquios, Rinconada del Itata, San Miguel de Itata, El Roble, Pangal del Laja, La Caba\u00f1a, Ranchillo Bajo, Cholgu\u00e1n, Campanario y Yungay<\/p>\n<p style=\"text-align: justify;\">En estas instancias, los programas entregaron informaci\u00f3n sobre los alcances del PRODESAL a\u00f1o 2021, la programaci\u00f3n PRODESAL a\u00f1o 2022, se realizaron elecciones de los representantes de la Mesa de Coordinaci\u00f3n del PRODESAL, OMIL inform\u00f3 su la oferta laboral disponible y realiz\u00f3 un taller de apresto laboral para la b\u00fasqueda activa de empleo.<\/p>\n<p style=\"text-align: justify;\">Hubo excelente recepci\u00f3n por parte de las y los peque\u00f1os propietarios de la comuna. La actividad se desarroll\u00f3 desde el 1 al 17 de diciembre, y cont\u00f3 con la presencia del \u00c1rea de INDAP, de a grupos peque\u00f1os para prevenir temas COVID.<\/p>\n","protected":false},"excerpt":{"rendered":"<p>Yungay, diciembre 2021: En el marco de la ejecuci\u00f3n del PRODESAL Yungay y del Fortalecimiento de la OMIL, ambos programas se unieron para acercar sus servicios a zonas rurales de la comuna, espec\u00edficamente de&#46;&#46;&#46;<\/p>\n","protected":false},"author":2,"featured_media":25498,"comment_status":"closed","ping_status":"open","sticky":false,"template":"","format":"standard","meta":{"footnotes":""},"categories":[1],"tags":[1115,8,6,117],"class_list":["post-25497","post","type-post","status-publish","format-standard","has-post-thumbnail","hentry","category-noticias","tag-noticias","tag-yungay","tag-yungayino","tag-yungayinocl"],"_links":{"self":[{"href":"https:\/\/www.yungayino.cl\/noticias\/index.php?rest_route=\/wp\/v2\/posts\/25497","targetHints":{"allow":["GET"]}}],"collection":[{"href":"https:\/\/www.yungayino.cl\/noticias\/index.php?rest_route=\/wp\/v2\/posts"}],"about":[{"href":"https:\/\/www.yungayino.cl\/noticias\/index.php?rest_route=\/wp\/v2\/types\/post"}],"author":[{"embeddable":true,"href":"https:\/\/www.yungayino.cl\/noticias\/index.php?rest_route=\/wp\/v2\/users\/2"}],"replies":[{"embeddable":true,"href":"https:\/\/www.yungayino.cl\/noticias\/index.php?rest_route=%2Fwp%2Fv2%2Fcomments&post=25497"}],"version-history":[{"count":1,"href":"https:\/\/www.yungayino.cl\/noticias\/index.php?rest_route=\/wp\/v2\/posts\/25497\/revisions"}],"predecessor-version":[{"id":25499,"href":"https:\/\/www.yungayino.cl\/noticias\/index.php?rest_route=\/wp\/v2\/posts\/25497\/revisions\/25499"}],"wp:featuredmedia":[{"embeddable":true,"href":"https:\/\/www.yungayino.cl\/noticias\/index.php?rest_route=\/wp\/v2\/media\/25498"}],"wp:attachment":[{"href":"https:\/\/www.yungayino.cl\/noticias\/index.php?rest_route=%2Fwp%2Fv2%2Fmedia&parent=25497"}],"wp:term":[{"taxonomy":"category","embeddable":true,"href":"https:\/\/www.yungayino.cl\/noticias\/index.php?rest_route=%2Fwp%2Fv2%2Fcategories&post=25497"},{"taxonomy":"post_tag","embeddable":true,"href":"https:\/\/www.yungayino.cl\/noticias\/index.php?rest_route=%2Fwp%2Fv2%2Ftags&post=25497"}],"curies":[{"name":"wp","href":"https:\/\/api.w.org\/{rel}","templated":true}]}}