{"id":25512,"date":"2021-12-28T07:00:51","date_gmt":"2021-12-28T10:00:51","guid":{"rendered":"http:\/\/www.yungayino.cl\/noticias\/?p=25512"},"modified":"2021-12-24T14:56:31","modified_gmt":"2021-12-24T17:56:31","slug":"incendios-forestales-helicoptero-de-gran-envergadura-comienza-su-operacion-en-nuble","status":"publish","type":"post","link":"https:\/\/www.yungayino.cl\/noticias\/?p=25512","title":{"rendered":"Incendios Forestales: Helic\u00f3ptero de Gran Envergadura Comienza su Operaci\u00f3n en \u00d1uble"},"content":{"rendered":"<p><img loading=\"lazy\" decoding=\"async\" class=\"alignnone size-full wp-image-25513\" src=\"http:\/\/www.yungayino.cl\/noticias\/wp-content\/uploads\/2021\/12\/elicoptero.jpg\" alt=\"\" width=\"700\" height=\"350\" srcset=\"https:\/\/www.yungayino.cl\/noticias\/wp-content\/uploads\/2021\/12\/elicoptero.jpg 700w, https:\/\/www.yungayino.cl\/noticias\/wp-content\/uploads\/2021\/12\/elicoptero-300x150.jpg 300w\" sizes=\"auto, (max-width: 700px) 100vw, 700px\" \/><\/p>\n<p style=\"text-align: justify;\">\u00d1uble, diciembre 2021: Con una capacidad de 5 mil litros de agua, el helic\u00f3ptero ruso Kamov, comenzar\u00e1 a prestar servicios para el combate de incendios forestales en \u00d1uble y zonas aleda\u00f1as.<\/p>\n<p style=\"text-align: justify;\">Comenz\u00f3 oficialmente la operaci\u00f3n en la regi\u00f3n de \u00d1uble del helic\u00f3ptero Kamov; aeronave especial para este tipo de siniestros y donde destaca su capacidad de levantamiento m\u00e1ximo de 5 toneladas, junto con alcanzar una velocidad m\u00e1xima de 260 kil\u00f3metros por hora, que lo convierten en el helic\u00f3ptero de doble motor m\u00e1s potente para cargas y que se sumar\u00e1 a otros recursos, tanto a\u00e9reos como terrestres, que tendr\u00e1 la Corporaci\u00f3n Nacional Forestal para el combate de los incendios en la temporada 2021 \u2013 2022.<\/p>\n<p style=\"text-align: justify;\">En esa l\u00ednea el delegado presidencial de \u00d1uble, Crist\u00f3bal Jardua, destac\u00f3 que los recursos han ido aumentando cada a\u00f1o, seg\u00fan se ha requerido. Jardua record\u00f3 adem\u00e1s que \u201cel a\u00f1o pasado lo vivimos con limitaciones a la libertad, cuarentenas, restricciones de toque de queda y eso nos favorec\u00eda a tener menos gente dispuesta a salir hacia lugares tur\u00edsticos para pasar una tarde de verano, algo que da los elementos propicios para generar un incendio. Es por esta raz\u00f3n que la autoridad hizo un llamado al autocuidado y protecci\u00f3n del entorno al momento de realizar visitas a los campos u orillas de rio.<\/p>\n<p style=\"text-align: justify;\">Sobre los recursos que estar\u00e1n presentes en \u00d1uble el director de CONAF, Domingo Gonz\u00e1lez Z\u00fa\u00f1iga, coment\u00f3 que ser\u00e1n \u201c4 aeronaves, 1 avi\u00f3n AT con capacidad de 1.300 litros de agua y un tiempo de arribo a los lugares m\u00e1s alejados de la regi\u00f3n de 15 minutos. 1 helic\u00f3ptero grande del tipo Kamov con capacidad de 5.000 litros de agua y capacidad m\u00e1xima para transportar 9 brigadistas. Otro de los helic\u00f3pteros presentes ser\u00e1 un Bell 412, el cual transporta hasta 1.300 litros de agua, y el \u00faltimo es uno peque\u00f1o, del tipo B3, que transporta hasta 900 litros por descarga. Las brigadas terrestres ser\u00e1n 15 para esta temporada lo que se traduce en 177 brigadistas, una de ella mecanizada, con un Skidder. Esta maquinaria permite realizar cortafuegos en muy poco tiempo al momento de presentarse una emergencia\u201d.<\/p>\n<p style=\"text-align: justify;\">Cristi\u00e1n Sep\u00falveda, coordinador de los comandantes de los cuerpos de bomberos de \u00d1uble, explic\u00f3 que bomberos ha tenido una inyecci\u00f3n importante de dinero, traducido en carros forestales, para afrontar esta temporada \u201cy hemos trabajado para mejorar las coordinaciones internas para prestar apoyos entre los distintos cuerpos de bomberos en caso de se requiera, lo que nos permite salvar m\u00e1s vidas e infraestructura cr\u00edtica\u201d.<\/p>\n<p style=\"text-align: justify;\">Sobre este punto hizo hincapi\u00e9 Cristian Matus, director regional (S) ONEMI, explicando que las alertas rojas emitidas por el organismo dependiente del ministerio del interior se dan cuando \u201chay condiciones propicias de viento, humedad y temperatura o la afectaci\u00f3n directa de una vivienda en las emergencias, como fue el caso del incendio de Coiqu\u00e9n, en la comuna de Ninhue\u201d.<\/p>\n<p style=\"text-align: justify;\">En materia de investigaci\u00f3n de causas, la comisario de la PDI, Silvana Quezada, resalt\u00f3 que en conjunto con la fiscal\u00eda, la UAD (Unidad de An\u00e1lisis y Diagn\u00f3stico de incendios forestales de CONAF) y la unidad de investigaci\u00f3n de bomberos \u201cdesde el a\u00f1o 2019 la PDI ha iniciado 39 investigaciones por el delito de incendio, en donde trabajamos con el apoyo de nuestro laboratorio de criminal\u00edstico y los especialistas qu\u00edmicos y forestales que est\u00e1n en la ciudad de concepci\u00f3n. Lo que solicitamos a la comunidad es poder entregarnos toda la informaci\u00f3n que vieron o escucharon, lo que nos ayuda a poder realizar una mejor y m\u00e1s expedita investigaci\u00f3n y con ello encontrar a los o el responsable\u201d.<\/p>\n","protected":false},"excerpt":{"rendered":"<p>\u00d1uble, diciembre 2021: Con una capacidad de 5 mil litros de agua, el helic\u00f3ptero ruso Kamov, comenzar\u00e1 a prestar servicios para el combate de incendios forestales en \u00d1uble y zonas aleda\u00f1as. Comenz\u00f3 oficialmente la&#46;&#46;&#46;<\/p>\n","protected":false},"author":2,"featured_media":25513,"comment_status":"closed","ping_status":"open","sticky":false,"template":"","format":"standard","meta":{"footnotes":""},"categories":[1],"tags":[1115,8,6,117],"class_list":["post-25512","post","type-post","status-publish","format-standard","has-post-thumbnail","hentry","category-noticias","tag-noticias","tag-yungay","tag-yungayino","tag-yungayinocl"],"_links":{"self":[{"href":"https:\/\/www.yungayino.cl\/noticias\/index.php?rest_route=\/wp\/v2\/posts\/25512","targetHints":{"allow":["GET"]}}],"collection":[{"href":"https:\/\/www.yungayino.cl\/noticias\/index.php?rest_route=\/wp\/v2\/posts"}],"about":[{"href":"https:\/\/www.yungayino.cl\/noticias\/index.php?rest_route=\/wp\/v2\/types\/post"}],"author":[{"embeddable":true,"href":"https:\/\/www.yungayino.cl\/noticias\/index.php?rest_route=\/wp\/v2\/users\/2"}],"replies":[{"embeddable":true,"href":"https:\/\/www.yungayino.cl\/noticias\/index.php?rest_route=%2Fwp%2Fv2%2Fcomments&post=25512"}],"version-history":[{"count":1,"href":"https:\/\/www.yungayino.cl\/noticias\/index.php?rest_route=\/wp\/v2\/posts\/25512\/revisions"}],"predecessor-version":[{"id":25514,"href":"https:\/\/www.yungayino.cl\/noticias\/index.php?rest_route=\/wp\/v2\/posts\/25512\/revisions\/25514"}],"wp:featuredmedia":[{"embeddable":true,"href":"https:\/\/www.yungayino.cl\/noticias\/index.php?rest_route=\/wp\/v2\/media\/25513"}],"wp:attachment":[{"href":"https:\/\/www.yungayino.cl\/noticias\/index.php?rest_route=%2Fwp%2Fv2%2Fmedia&parent=25512"}],"wp:term":[{"taxonomy":"category","embeddable":true,"href":"https:\/\/www.yungayino.cl\/noticias\/index.php?rest_route=%2Fwp%2Fv2%2Fcategories&post=25512"},{"taxonomy":"post_tag","embeddable":true,"href":"https:\/\/www.yungayino.cl\/noticias\/index.php?rest_route=%2Fwp%2Fv2%2Ftags&post=25512"}],"curies":[{"name":"wp","href":"https:\/\/api.w.org\/{rel}","templated":true}]}}