{"id":25532,"date":"2021-12-31T12:00:36","date_gmt":"2021-12-31T15:00:36","guid":{"rendered":"http:\/\/www.yungayino.cl\/noticias\/?p=25532"},"modified":"2021-12-31T14:12:23","modified_gmt":"2021-12-31T17:12:23","slug":"nuevo-vehiculo-policial-llega-a-yungay","status":"publish","type":"post","link":"https:\/\/www.yungayino.cl\/noticias\/?p=25532","title":{"rendered":"Nuevo Veh\u00edculo Policial Llega a Yungay"},"content":{"rendered":"<p><img loading=\"lazy\" decoding=\"async\" class=\"alignnone size-full wp-image-25533\" src=\"http:\/\/www.yungayino.cl\/noticias\/wp-content\/uploads\/2021\/12\/portada-7.jpg\" alt=\"\" width=\"700\" height=\"366\" srcset=\"https:\/\/www.yungayino.cl\/noticias\/wp-content\/uploads\/2021\/12\/portada-7.jpg 700w, https:\/\/www.yungayino.cl\/noticias\/wp-content\/uploads\/2021\/12\/portada-7-300x157.jpg 300w, https:\/\/www.yungayino.cl\/noticias\/wp-content\/uploads\/2021\/12\/portada-7-287x150.jpg 287w\" sizes=\"auto, (max-width: 700px) 100vw, 700px\" \/><\/p>\n<p style=\"text-align: justify;\">\u00d1uble, diciembre 2021: En dependencias de la 2da. Comisar\u00eda de Chill\u00e1n, el alcalde de Yungay, Rafael Cifuentes Rodr\u00edguez, particip\u00f3 de la ceremonia de entrega de veh\u00edculos policiales para \u00d1uble, convocados por la jefe de la XVI\u00b0 Zona, General de Carabineros, Mar\u00eda Teresa Araya Jim\u00e9nez.<\/p>\n<p style=\"text-align: justify;\">En la ocasi\u00f3n, se hizo entrega de un veh\u00edculo completamente equipado para la 4ta. Comisar\u00eda de Yungay.<\/p>\n<p style=\"text-align: justify;\">\u201cEste nuevo veh\u00edculo nos va a permitir, primero, ir renovando el equipamiento vehicular de Carabineros y, tambi\u00e9n, aumentar la presencia policial en las calles, as\u00ed como lograr mayor cobertura a los requerimientos de la comunidad. Siempre hemos estado solicitando la llegada de m\u00e1s equipamiento policial, as\u00ed que esto es una buena noticia para la seguridad de nuestros vecinos y vecinas\u201d destac\u00f3 el alcalde de Yungay.<\/p>\n<p>&nbsp;<\/p>\n<p style=\"text-align: justify;\">[su_button url=\u00bbhttps:\/\/web.facebook.com\/media\/set\/?vanity=yungayino.cl&amp;set=a.5254566081225055&#8243; target=\u00bbblank\u00bb size=\u00bb7&#8243; radius=\u00bbround\u00bb icon=\u00bbicon: facebook-square\u00bb]FOTOGRAF\u00cdAS &#8211; Nuevo Veh\u00edculo Policial Llega a Yungay[\/su_button]<\/p>\n","protected":false},"excerpt":{"rendered":"<p>\u00d1uble, diciembre 2021: En dependencias de la 2da. Comisar\u00eda de Chill\u00e1n, el alcalde de Yungay, Rafael Cifuentes Rodr\u00edguez, particip\u00f3 de la ceremonia de entrega de veh\u00edculos policiales para \u00d1uble, convocados por la jefe de&#46;&#46;&#46;<\/p>\n","protected":false},"author":2,"featured_media":25533,"comment_status":"closed","ping_status":"open","sticky":false,"template":"","format":"standard","meta":{"footnotes":""},"categories":[1],"tags":[25,1115,2557,8,6,117],"class_list":["post-25532","post","type-post","status-publish","format-standard","has-post-thumbnail","hentry","category-noticias","tag-carabineros","tag-noticias","tag-vehiculo","tag-yungay","tag-yungayino","tag-yungayinocl"],"_links":{"self":[{"href":"https:\/\/www.yungayino.cl\/noticias\/index.php?rest_route=\/wp\/v2\/posts\/25532","targetHints":{"allow":["GET"]}}],"collection":[{"href":"https:\/\/www.yungayino.cl\/noticias\/index.php?rest_route=\/wp\/v2\/posts"}],"about":[{"href":"https:\/\/www.yungayino.cl\/noticias\/index.php?rest_route=\/wp\/v2\/types\/post"}],"author":[{"embeddable":true,"href":"https:\/\/www.yungayino.cl\/noticias\/index.php?rest_route=\/wp\/v2\/users\/2"}],"replies":[{"embeddable":true,"href":"https:\/\/www.yungayino.cl\/noticias\/index.php?rest_route=%2Fwp%2Fv2%2Fcomments&post=25532"}],"version-history":[{"count":3,"href":"https:\/\/www.yungayino.cl\/noticias\/index.php?rest_route=\/wp\/v2\/posts\/25532\/revisions"}],"predecessor-version":[{"id":25536,"href":"https:\/\/www.yungayino.cl\/noticias\/index.php?rest_route=\/wp\/v2\/posts\/25532\/revisions\/25536"}],"wp:featuredmedia":[{"embeddable":true,"href":"https:\/\/www.yungayino.cl\/noticias\/index.php?rest_route=\/wp\/v2\/media\/25533"}],"wp:attachment":[{"href":"https:\/\/www.yungayino.cl\/noticias\/index.php?rest_route=%2Fwp%2Fv2%2Fmedia&parent=25532"}],"wp:term":[{"taxonomy":"category","embeddable":true,"href":"https:\/\/www.yungayino.cl\/noticias\/index.php?rest_route=%2Fwp%2Fv2%2Fcategories&post=25532"},{"taxonomy":"post_tag","embeddable":true,"href":"https:\/\/www.yungayino.cl\/noticias\/index.php?rest_route=%2Fwp%2Fv2%2Ftags&post=25532"}],"curies":[{"name":"wp","href":"https:\/\/api.w.org\/{rel}","templated":true}]}}