{"id":25537,"date":"2022-01-01T07:00:53","date_gmt":"2022-01-01T10:00:53","guid":{"rendered":"http:\/\/www.yungayino.cl\/noticias\/?p=25537"},"modified":"2021-12-31T14:27:52","modified_gmt":"2021-12-31T17:27:52","slug":"municipio-se-une-con-fundacion-acercaredes-arauco","status":"publish","type":"post","link":"https:\/\/www.yungayino.cl\/noticias\/?p=25537","title":{"rendered":"Municipio se une con Fundaci\u00f3n Acercaredes (ARAUCO)"},"content":{"rendered":"<p><img loading=\"lazy\" decoding=\"async\" class=\"alignnone size-full wp-image-25538\" src=\"http:\/\/www.yungayino.cl\/noticias\/wp-content\/uploads\/2021\/12\/fundacion.jpg\" alt=\"\" width=\"700\" height=\"350\" srcset=\"https:\/\/www.yungayino.cl\/noticias\/wp-content\/uploads\/2021\/12\/fundacion.jpg 700w, https:\/\/www.yungayino.cl\/noticias\/wp-content\/uploads\/2021\/12\/fundacion-300x150.jpg 300w\" sizes=\"auto, (max-width: 700px) 100vw, 700px\" \/><\/p>\n<p style=\"text-align: justify;\">Yungay, diciembre 2021: Municipio se une con Fundaci\u00f3n Acercaredes (ARAUCO) con el objetivo de avanzar hacia la firma de un convenio de cooperaci\u00f3n que busca potenciar emprendimientos, comercio, servicios y el territorio.<\/p>\n<p style=\"text-align: justify;\">El nuevo convenio se realizar\u00eda en base a tres l\u00edneas de acci\u00f3n de vital importancia; juega local, que busca vincular el emprendimiento, comercios y servicios para ser proveedores directos de ARAUCO; despensa silvestre, que re\u00fane emprendimientos vinculados a los PNM (productos forestales no maderables) y apicultores; y territorio, que se vincula con el territorio para cooperar mutuamente en materias de inter\u00e9s com\u00fan.<\/p>\n<p style=\"text-align: justify;\">En la reuni\u00f3n particip\u00f3 Isabel Castillo, directora de \u00d1uble de la Fundaci\u00f3n Acercaredes, Claudia Harcha, directora de desarrollo econ\u00f3mico local y sustentabilidad del municipio y Alejandra Contreras, encargada del programa Mujeres Jefas de Hogar.<\/p>\n<p style=\"text-align: justify;\">Este convenio traer\u00e1 importantes beneficios para los vecinos y vecinas que utilizan los programas y oficinas municipales de fomento productivo, prodesal, desarrollo forestal, omil y mujeres jefas de hogar.<\/p>\n","protected":false},"excerpt":{"rendered":"<p>Yungay, diciembre 2021: Municipio se une con Fundaci\u00f3n Acercaredes (ARAUCO) con el objetivo de avanzar hacia la firma de un convenio de cooperaci\u00f3n que busca potenciar emprendimientos, comercio, servicios y el territorio. El nuevo&#46;&#46;&#46;<\/p>\n","protected":false},"author":2,"featured_media":25538,"comment_status":"closed","ping_status":"open","sticky":false,"template":"","format":"standard","meta":{"footnotes":""},"categories":[1],"tags":[350,2558,1115,8,6,117],"class_list":["post-25537","post","type-post","status-publish","format-standard","has-post-thumbnail","hentry","category-noticias","tag-arauco","tag-fundacion-acercaredes","tag-noticias","tag-yungay","tag-yungayino","tag-yungayinocl"],"_links":{"self":[{"href":"https:\/\/www.yungayino.cl\/noticias\/index.php?rest_route=\/wp\/v2\/posts\/25537","targetHints":{"allow":["GET"]}}],"collection":[{"href":"https:\/\/www.yungayino.cl\/noticias\/index.php?rest_route=\/wp\/v2\/posts"}],"about":[{"href":"https:\/\/www.yungayino.cl\/noticias\/index.php?rest_route=\/wp\/v2\/types\/post"}],"author":[{"embeddable":true,"href":"https:\/\/www.yungayino.cl\/noticias\/index.php?rest_route=\/wp\/v2\/users\/2"}],"replies":[{"embeddable":true,"href":"https:\/\/www.yungayino.cl\/noticias\/index.php?rest_route=%2Fwp%2Fv2%2Fcomments&post=25537"}],"version-history":[{"count":2,"href":"https:\/\/www.yungayino.cl\/noticias\/index.php?rest_route=\/wp\/v2\/posts\/25537\/revisions"}],"predecessor-version":[{"id":25554,"href":"https:\/\/www.yungayino.cl\/noticias\/index.php?rest_route=\/wp\/v2\/posts\/25537\/revisions\/25554"}],"wp:featuredmedia":[{"embeddable":true,"href":"https:\/\/www.yungayino.cl\/noticias\/index.php?rest_route=\/wp\/v2\/media\/25538"}],"wp:attachment":[{"href":"https:\/\/www.yungayino.cl\/noticias\/index.php?rest_route=%2Fwp%2Fv2%2Fmedia&parent=25537"}],"wp:term":[{"taxonomy":"category","embeddable":true,"href":"https:\/\/www.yungayino.cl\/noticias\/index.php?rest_route=%2Fwp%2Fv2%2Fcategories&post=25537"},{"taxonomy":"post_tag","embeddable":true,"href":"https:\/\/www.yungayino.cl\/noticias\/index.php?rest_route=%2Fwp%2Fv2%2Ftags&post=25537"}],"curies":[{"name":"wp","href":"https:\/\/api.w.org\/{rel}","templated":true}]}}