{"id":25540,"date":"2022-01-02T07:00:32","date_gmt":"2022-01-02T10:00:32","guid":{"rendered":"http:\/\/www.yungayino.cl\/noticias\/?p=25540"},"modified":"2021-12-31T14:30:10","modified_gmt":"2021-12-31T17:30:10","slug":"asociaciones-gremiales-implementan-programa-reactivate-organizaciones-regionales-de-sercotec-nuble","status":"publish","type":"post","link":"https:\/\/www.yungayino.cl\/noticias\/?p=25540","title":{"rendered":"Asociaciones Gremiales Implementan Programa React\u00edvate Organizaciones Regionales de Sercotec \u00d1uble"},"content":{"rendered":"<p><img loading=\"lazy\" decoding=\"async\" class=\"alignnone size-full wp-image-25542\" src=\"http:\/\/www.yungayino.cl\/noticias\/wp-content\/uploads\/2021\/12\/sercotec-1.jpg\" alt=\"\" width=\"700\" height=\"443\" srcset=\"https:\/\/www.yungayino.cl\/noticias\/wp-content\/uploads\/2021\/12\/sercotec-1.jpg 700w, https:\/\/www.yungayino.cl\/noticias\/wp-content\/uploads\/2021\/12\/sercotec-1-300x190.jpg 300w, https:\/\/www.yungayino.cl\/noticias\/wp-content\/uploads\/2021\/12\/sercotec-1-237x150.jpg 237w\" sizes=\"auto, (max-width: 700px) 100vw, 700px\" \/><\/p>\n<p style=\"text-align: justify;\">\u00d1uble, diciembre 2021: 8 organizaciones de la regi\u00f3n se adjudicaron el programa, recibiendo entre 5 y 9 millones de pesos cada uno.<\/p>\n<p style=\"text-align: justify;\">El Director Regional de Sercotec \u00d1uble Ignacio Vidal, junto a autoridades regionales se est\u00e1n reuniendo con los adjudicatarios del programa React\u00edvate Organizaciones Regionales (Food Truck \u00d1uble A.G, Profesionales de la Belleza \u00d1uble A.G, Emprendedores en Chill\u00e1n Viejo A.G. Inform\u00e1ticos \u00d1uble A.G., Gastronom\u00eda y entretenci\u00f3n Chill\u00e1n A.G. Gayen A.G., Gu\u00edas de Turismo A.G., Turismo y Cultura de la Regi\u00f3n del Biobio y \u00d1uble. Protur A.G., Due\u00f1os de Taxibuses Urbanos de Chill\u00e1n A.G.) para conocer la inversi\u00f3n de los fondos que les permiti\u00f3 implementar medidas enfocadas en su reactivaci\u00f3n y reapertura tales como c\u00e1maras desengrasadoras de 30 litros con kit de instalaci\u00f3n (caso Food Truck), Extintores clase k acetato de potasio (caso Food Truck), Community manager, capacitaci\u00f3n en bioseguridad (gremio belleza), capacitaci\u00f3n en primero auxilios (gremio belleza), capacitaciones en\u00a0 estrategias de venta y diagn\u00f3stico para emprendedores, publicidad y difusi\u00f3n de feria de emprendimiento (en caso de emprendedores Chill\u00e1n Viejo), capacitaci\u00f3n en nuevas herramientas y metodolog\u00edas de desarrollo de software para ayudar a la reactivaci\u00f3n (caso inform\u00e1ticos), kit primeros auxilios, kit sanitizaci\u00f3n, Curso WAFA para asociados (en el caso de los gu\u00edas), cat\u00e1logo digital, taller redes sociales para reactivaci\u00f3n, plan comunicacional, feria promoci\u00f3n tur\u00edstica \u00d1uble (caso Protur), term\u00f3metros infrarrojo, term\u00f3metros con dispensador, se\u00f1al\u00e9tica e implementos Covid.<\/p>\n<p style=\"text-align: justify;\">\u201cEl liderazgo femenino se destaca en la conformaci\u00f3n de las organizaciones, en Chile en general, y vuelvo a destacarlo porque en 1 mill\u00f3n 800 mil hogares de nuestro pa\u00eds el \u00fanico sustento lo genera una de ellas. En el caso de \u00d1uble 5 de las 8 organizaciones adjudicadas en este programa, son lideradas por mujeres, Alicia Colil, Cristina Sanhueza, Flor Opazo, July Llevul y Mar\u00eda Pilar Varela\u201d, indic\u00f3 Ignacio Vidal Director Regional de Sercotec.<\/p>\n<p style=\"text-align: justify;\">Mientras tanto Cristina Sanhueza, presidenta de Food Truck \u00d1uble A.G., se\u00f1al\u00f3 \u201cComo organizaci\u00f3n, estamos profundamente agradecidos por todas las instancias que Sercotec, junto a los dem\u00e1s estamentos de gobierno, nos han dado en estos dif\u00edciles momentos que pasamos\u201d.<\/p>\n<p style=\"text-align: justify;\">El Delegado Presidencial Crist\u00f3bal Jardua dijo \u201cLa asociatividad es una forma de salir adelante en momentos adversos, apoyarlos va en la l\u00ednea de lo que el Gobierno del Presidente Sebasti\u00e1n Pi\u00f1era ha impulsado desde el primer d\u00eda para que puedan salir adelante\u201d.<\/p>\n<p style=\"text-align: justify;\">\u201cTodos estos programas de apoyo son oportunidades para que las pymes afectadas por la pandemia en \u00d1uble cuenten con una subvenci\u00f3n que les permita mejorar sus ingresos, potenciar el emprendimiento para generar empleos y reactivar nuestra econom\u00eda. Se ha puesto en manifiesto la necesidad de reinventarse y dar un impulso a estos sectores, que sin duda han sido de los m\u00e1s afectados en este periodo\u201d, enfatiz\u00f3 el seremi de Econom\u00eda Dalibor Franulic.<\/p>\n","protected":false},"excerpt":{"rendered":"<p>\u00d1uble, diciembre 2021: 8 organizaciones de la regi\u00f3n se adjudicaron el programa, recibiendo entre 5 y 9 millones de pesos cada uno. El Director Regional de Sercotec \u00d1uble Ignacio Vidal, junto a autoridades regionales&#46;&#46;&#46;<\/p>\n","protected":false},"author":2,"featured_media":25541,"comment_status":"closed","ping_status":"open","sticky":false,"template":"","format":"standard","meta":{"footnotes":""},"categories":[1],"tags":[1115,1678,8,6,117],"class_list":["post-25540","post","type-post","status-publish","format-standard","has-post-thumbnail","hentry","category-noticias","tag-noticias","tag-nuble","tag-yungay","tag-yungayino","tag-yungayinocl"],"_links":{"self":[{"href":"https:\/\/www.yungayino.cl\/noticias\/index.php?rest_route=\/wp\/v2\/posts\/25540","targetHints":{"allow":["GET"]}}],"collection":[{"href":"https:\/\/www.yungayino.cl\/noticias\/index.php?rest_route=\/wp\/v2\/posts"}],"about":[{"href":"https:\/\/www.yungayino.cl\/noticias\/index.php?rest_route=\/wp\/v2\/types\/post"}],"author":[{"embeddable":true,"href":"https:\/\/www.yungayino.cl\/noticias\/index.php?rest_route=\/wp\/v2\/users\/2"}],"replies":[{"embeddable":true,"href":"https:\/\/www.yungayino.cl\/noticias\/index.php?rest_route=%2Fwp%2Fv2%2Fcomments&post=25540"}],"version-history":[{"count":2,"href":"https:\/\/www.yungayino.cl\/noticias\/index.php?rest_route=\/wp\/v2\/posts\/25540\/revisions"}],"predecessor-version":[{"id":25553,"href":"https:\/\/www.yungayino.cl\/noticias\/index.php?rest_route=\/wp\/v2\/posts\/25540\/revisions\/25553"}],"wp:featuredmedia":[{"embeddable":true,"href":"https:\/\/www.yungayino.cl\/noticias\/index.php?rest_route=\/wp\/v2\/media\/25541"}],"wp:attachment":[{"href":"https:\/\/www.yungayino.cl\/noticias\/index.php?rest_route=%2Fwp%2Fv2%2Fmedia&parent=25540"}],"wp:term":[{"taxonomy":"category","embeddable":true,"href":"https:\/\/www.yungayino.cl\/noticias\/index.php?rest_route=%2Fwp%2Fv2%2Fcategories&post=25540"},{"taxonomy":"post_tag","embeddable":true,"href":"https:\/\/www.yungayino.cl\/noticias\/index.php?rest_route=%2Fwp%2Fv2%2Ftags&post=25540"}],"curies":[{"name":"wp","href":"https:\/\/api.w.org\/{rel}","templated":true}]}}