{"id":25558,"date":"2022-01-06T07:00:40","date_gmt":"2022-01-06T10:00:40","guid":{"rendered":"http:\/\/www.yungayino.cl\/noticias\/?p=25558"},"modified":"2022-01-04T19:50:53","modified_gmt":"2022-01-04T22:50:53","slug":"servicio-nacional-de-la-mujer-conmemora-sus-31-anos","status":"publish","type":"post","link":"https:\/\/www.yungayino.cl\/noticias\/?p=25558","title":{"rendered":"Servicio Nacional de la Mujer Conmemora Sus 31 A\u00f1os"},"content":{"rendered":"<p><img loading=\"lazy\" decoding=\"async\" class=\"alignnone size-full wp-image-25559\" src=\"http:\/\/www.yungayino.cl\/noticias\/wp-content\/uploads\/2022\/01\/sernameg.jpg\" alt=\"\" width=\"700\" height=\"350\" srcset=\"https:\/\/www.yungayino.cl\/noticias\/wp-content\/uploads\/2022\/01\/sernameg.jpg 700w, https:\/\/www.yungayino.cl\/noticias\/wp-content\/uploads\/2022\/01\/sernameg-300x150.jpg 300w\" sizes=\"auto, (max-width: 700px) 100vw, 700px\" \/><\/p>\n<p style=\"text-align: justify;\">\u00d1uble, enero 2022: La instituci\u00f3n fue creada el 3 de enero de 1991 con el objetivo de promover la igualdad de oportunidades entre hombres y mujeres, a trav\u00e9s de la Ley N\u00b0 19.023.<\/p>\n<p style=\"text-align: justify;\">Hace 31 a\u00f1os se oficializ\u00f3, en el Diario Oficial, la creaci\u00f3n del Servicio Nacional de la Mujer (SERNAM), hoy conocido como Servicio Nacional de la Mujer y la Equidad de G\u00e9nero (SernamEG). Instituci\u00f3n que ha velado por fortalecer las autonom\u00edas y luchar contra la discriminaci\u00f3n hacia las mujeres en toda su diversidad para la transformaci\u00f3n cultural de pa\u00eds.<\/p>\n<p style=\"text-align: justify;\">Al respecto, la Directora Regional de la instituci\u00f3n, se\u00f1orita Viviana C\u00e1ceres Jara, manifest\u00f3 \u201ccomo SernamEG \u00d1uble hoy conmemoramos un nuevo a\u00f1o, en donde hemos realizado un avance significativo en diferentes materias que involucran a todas las \u00d1ublensinas, las mujeres hoy cuentan con m\u00e1s herramientas para fortalecer sus autonom\u00edas, tanto f\u00edsicas, econ\u00f3micas y de liderazgo lo que ha generado un aporte en la igualdad de oportunidades y la erradicaci\u00f3n de la Violencia. Estamos contentos con el trabajo realizado hemos atendido a m\u00e1s de 2000 mujeres en la regi\u00f3n, las cuales se han visto beneficiadas y apoyadas de forma integral en sus proyectos de vida y familiares, sabemos que muchas mujeres cuentan con nuestro Servicio como su principal apoyo, este 2022 seguiremos reafirmando nuestro compromiso para trabajar y avanzar a una sociedad m\u00e1s justa\u201d<\/p>\n<p style=\"text-align: justify;\">En el a\u00f1o 2021 SernamEG \u00d1uble a trav\u00e9s de su programa Mujeres Jefas de Hogar, capacito a 713 mujeres buscando su autonom\u00eda, a trav\u00e9s de la entrega de un conjunto de herramientas que les permitan generar y gestionar ingresos y recursos propios a partir del trabajo remunerado, el acceso a la oferta p\u00fablica y de oportunidades de conciliaci\u00f3n trabajo remunerado, dom\u00e9stico y de cuidados. Ellas recibieron capacitaci\u00f3n en el \u00e1rea digital, en rubros tradicionales y no tradicionales podemos destacar las capacitaciones realizadas de: marketing digital, ingles b\u00e1sico, Mec\u00e1nica automotriz, gasfiter\u00eda, constricci\u00f3n, electricidad, conducci\u00f3n de maquinaria pesada, reposter\u00eda, alimentaci\u00f3n saludable y huerto. Adem\u00e1s, se trabaj\u00f3 con las Mujeres Emprendedoras de diferentes comunas de la regi\u00f3n logrando abrir nuevos puntos de comercializaci\u00f3n para ellas.<\/p>\n<p style=\"text-align: justify;\">El manejo de la crisis sanitaria producto del Covid- 19 signific\u00f3 un desaf\u00edo institucional por lo que se reorient\u00f3 todos los programas para continuar su ejecuci\u00f3n, implementando formas de gesti\u00f3n a distancia y redistribuci\u00f3n de la cobertura de los Centros, para que todas las comunas de la Regi\u00f3n cuenten con atenci\u00f3n. Destacamos la implementaci\u00f3n de dos nuevos dispositivos, el centro de la Mujer de Portezuelo, siendo este el primero de la Provincia de Itata, y el Centro de Reeducaci\u00f3n de Hombres de San Carlos que entrega cobertura a toda la regi\u00f3n de \u00d1uble.<\/p>\n<p style=\"text-align: justify;\">En concreto actualmente se trabaja en tres opciones de atenci\u00f3n que corresponden a modalidad presencial, remota y mixta. El a\u00f1o 2021 los equipos interdisciplinarios de los Centros de la Mujer, realizaron un total de 1108 atenciones, mientras que en el Centro de Reeducaci\u00f3n de hombres se entreg\u00f3 orientaci\u00f3n y atenci\u00f3n a 80 hombres en su primer a\u00f1o de funcionamiento.<\/p>\n<p style=\"text-align: justify;\">En cuanto al Programa de Prevenci\u00f3n de Violencia Contra la Mujer fueron sensibilizadas 961 personas, este programa est\u00e1 dirigido principalmente a j\u00f3venes hombres, mujeres y otras identidades, de 14 a 29 a\u00f1os y agentes estrat\u00e9gicos que trabajan con las juventudes; este programa ejecuta en las comunas de Pemuco, Chill\u00e1n, Quirihue v\u00eda convenios con los municipios locales. Otra de las cifras destacables de este modelo program\u00e1tico es la formaci\u00f3n de 430 personas como monitores juveniles y otras 285 personas como agentes preventivos, de diferentes instituciones podemos destacar el trabajo realizado con establecimientos educacionales.<\/p>\n<p style=\"text-align: justify;\">El Programa Mujer, Sexualidad y Maternidad, en convenio con la Municipalidad de Chill\u00e1n, posibilit\u00f3 la entrega de herramientas para el empoderamiento y el fortalecimiento de la autonom\u00eda f\u00edsica de mujeres y j\u00f3venes. En total, fueron 310 personas las que participaron en los talleres que se focalizan en j\u00f3venes de 14 a 19 a\u00f1os; embarazadas y madres adolescentes de 14 a 19 a\u00f1os; y mujeres de 20 a\u00f1os y m\u00e1s. Otra de sus l\u00edneas corresponde a atenciones personalizadas que beneficiaron a 107 personas. Respecto a las jornadas de prevenci\u00f3n que tambi\u00e9n contempla este modelo program\u00e1tico permiti\u00f3 la participaci\u00f3n de 343 personas.<\/p>\n<p style=\"text-align: justify;\">Respecto a la autonom\u00eda pol\u00edtica uno de los datos m\u00e1s relevantes es que en las elecciones parlamentarias de este a\u00f1o 2021 en la Regi\u00f3n de \u00d1uble, mostraron un avance respecto del\u00a0\u00a0 a\u00f1o 2017 para los cargos de Senador\/a, Diputado\/a, y Consejero\/a Regional las mujeres teniendo un aumento del 5,21%.\u00a0 De las 334 mujeres que participaron en estas elecciones realizadas 23 de ellas participaron de alguno de los dos componentes del Programa Mujer y Participaci\u00f3n Pol\u00edtica, ya sea de las Actividades de Sensibilizaci\u00f3n o de la Escuela de L\u00edderes en los a\u00f1os anteriores, de ellas 41 fueron electas de la cuales el 12,2% particip\u00f3 en el Programa Mujer y Participaci\u00f3n Pol\u00edtica.<\/p>\n","protected":false},"excerpt":{"rendered":"<p>\u00d1uble, enero 2022: La instituci\u00f3n fue creada el 3 de enero de 1991 con el objetivo de promover la igualdad de oportunidades entre hombres y mujeres, a trav\u00e9s de la Ley N\u00b0 19.023. Hace&#46;&#46;&#46;<\/p>\n","protected":false},"author":2,"featured_media":25559,"comment_status":"closed","ping_status":"open","sticky":false,"template":"","format":"standard","meta":{"footnotes":""},"categories":[1],"tags":[1115,1678,1697,8,6,117],"class_list":["post-25558","post","type-post","status-publish","format-standard","has-post-thumbnail","hentry","category-noticias","tag-noticias","tag-nuble","tag-sernameg","tag-yungay","tag-yungayino","tag-yungayinocl"],"_links":{"self":[{"href":"https:\/\/www.yungayino.cl\/noticias\/index.php?rest_route=\/wp\/v2\/posts\/25558","targetHints":{"allow":["GET"]}}],"collection":[{"href":"https:\/\/www.yungayino.cl\/noticias\/index.php?rest_route=\/wp\/v2\/posts"}],"about":[{"href":"https:\/\/www.yungayino.cl\/noticias\/index.php?rest_route=\/wp\/v2\/types\/post"}],"author":[{"embeddable":true,"href":"https:\/\/www.yungayino.cl\/noticias\/index.php?rest_route=\/wp\/v2\/users\/2"}],"replies":[{"embeddable":true,"href":"https:\/\/www.yungayino.cl\/noticias\/index.php?rest_route=%2Fwp%2Fv2%2Fcomments&post=25558"}],"version-history":[{"count":1,"href":"https:\/\/www.yungayino.cl\/noticias\/index.php?rest_route=\/wp\/v2\/posts\/25558\/revisions"}],"predecessor-version":[{"id":25560,"href":"https:\/\/www.yungayino.cl\/noticias\/index.php?rest_route=\/wp\/v2\/posts\/25558\/revisions\/25560"}],"wp:featuredmedia":[{"embeddable":true,"href":"https:\/\/www.yungayino.cl\/noticias\/index.php?rest_route=\/wp\/v2\/media\/25559"}],"wp:attachment":[{"href":"https:\/\/www.yungayino.cl\/noticias\/index.php?rest_route=%2Fwp%2Fv2%2Fmedia&parent=25558"}],"wp:term":[{"taxonomy":"category","embeddable":true,"href":"https:\/\/www.yungayino.cl\/noticias\/index.php?rest_route=%2Fwp%2Fv2%2Fcategories&post=25558"},{"taxonomy":"post_tag","embeddable":true,"href":"https:\/\/www.yungayino.cl\/noticias\/index.php?rest_route=%2Fwp%2Fv2%2Ftags&post=25558"}],"curies":[{"name":"wp","href":"https:\/\/api.w.org\/{rel}","templated":true}]}}