{"id":25604,"date":"2022-01-11T13:00:12","date_gmt":"2022-01-11T16:00:12","guid":{"rendered":"http:\/\/www.yungayino.cl\/noticias\/?p=25604"},"modified":"2022-01-11T13:39:25","modified_gmt":"2022-01-11T16:39:25","slug":"gobernador-oscar-crisostomo-hizo-entrega-del-vehiculo-para-traslado-de-personas-con-discapacidad","status":"publish","type":"post","link":"https:\/\/www.yungayino.cl\/noticias\/?p=25604","title":{"rendered":"Gobernador Oscar Cris\u00f3stomo Hizo Entrega del Veh\u00edculo Para Traslado de Personas con Discapacidad"},"content":{"rendered":"<p><img loading=\"lazy\" decoding=\"async\" class=\"alignnone size-full wp-image-25605\" src=\"http:\/\/www.yungayino.cl\/noticias\/wp-content\/uploads\/2022\/01\/vehiculo-traslado.jpg\" alt=\"\" width=\"700\" height=\"350\" srcset=\"https:\/\/www.yungayino.cl\/noticias\/wp-content\/uploads\/2022\/01\/vehiculo-traslado.jpg 700w, https:\/\/www.yungayino.cl\/noticias\/wp-content\/uploads\/2022\/01\/vehiculo-traslado-300x150.jpg 300w\" sizes=\"auto, (max-width: 700px) 100vw, 700px\" \/><\/p>\n<p style=\"text-align: justify;\">Yungay, enero 2022: Dirigentes, usuarios, beneficiarios y autoridades se reunieron junto al Gobernador Regional, \u00d3scar Cris\u00f3stomo Llanos, para hacer entrega oficial del furg\u00f3n que lleg\u00f3 el pasado 29 de diciembre a nuestra comuna.<\/p>\n<p style=\"text-align: justify;\">El veh\u00edculo, cuya inversi\u00f3n es de m\u00e1s de 64 millones de pesos, financiado a trav\u00e9s de los fondos del Gobierno Regional de \u00d1uble, cuenta con una rampa y elevador autom\u00e1ticos que permite que los pacientes suban y bajen en su propia silla de ruedas y luego de un anclaje que facilita su transporte seguro.<\/p>\n<p style=\"text-align: justify;\">La direcci\u00f3n de desarrollo comunitario se preocupa del servicio de traslado de personas en situaci\u00f3n de discapacidad, especialmente a menores que deben recurrir, junto a sus familias, al centro de rehabilitaci\u00f3n de la Telet\u00f3n, ubicado en la comuna de San Pedro de la Paz y es este veh\u00edculo, el que cumple de manera cabal con las exigencias legales y la comodidad que se merecen.<\/p>\n","protected":false},"excerpt":{"rendered":"<p>Yungay, enero 2022: Dirigentes, usuarios, beneficiarios y autoridades se reunieron junto al Gobernador Regional, \u00d3scar Cris\u00f3stomo Llanos, para hacer entrega oficial del furg\u00f3n que lleg\u00f3 el pasado 29 de diciembre a nuestra comuna. El&#46;&#46;&#46;<\/p>\n","protected":false},"author":2,"featured_media":25605,"comment_status":"closed","ping_status":"open","sticky":false,"template":"","format":"standard","meta":{"footnotes":""},"categories":[1],"tags":[1115,8,6,117],"class_list":["post-25604","post","type-post","status-publish","format-standard","has-post-thumbnail","hentry","category-noticias","tag-noticias","tag-yungay","tag-yungayino","tag-yungayinocl"],"_links":{"self":[{"href":"https:\/\/www.yungayino.cl\/noticias\/index.php?rest_route=\/wp\/v2\/posts\/25604","targetHints":{"allow":["GET"]}}],"collection":[{"href":"https:\/\/www.yungayino.cl\/noticias\/index.php?rest_route=\/wp\/v2\/posts"}],"about":[{"href":"https:\/\/www.yungayino.cl\/noticias\/index.php?rest_route=\/wp\/v2\/types\/post"}],"author":[{"embeddable":true,"href":"https:\/\/www.yungayino.cl\/noticias\/index.php?rest_route=\/wp\/v2\/users\/2"}],"replies":[{"embeddable":true,"href":"https:\/\/www.yungayino.cl\/noticias\/index.php?rest_route=%2Fwp%2Fv2%2Fcomments&post=25604"}],"version-history":[{"count":1,"href":"https:\/\/www.yungayino.cl\/noticias\/index.php?rest_route=\/wp\/v2\/posts\/25604\/revisions"}],"predecessor-version":[{"id":25606,"href":"https:\/\/www.yungayino.cl\/noticias\/index.php?rest_route=\/wp\/v2\/posts\/25604\/revisions\/25606"}],"wp:featuredmedia":[{"embeddable":true,"href":"https:\/\/www.yungayino.cl\/noticias\/index.php?rest_route=\/wp\/v2\/media\/25605"}],"wp:attachment":[{"href":"https:\/\/www.yungayino.cl\/noticias\/index.php?rest_route=%2Fwp%2Fv2%2Fmedia&parent=25604"}],"wp:term":[{"taxonomy":"category","embeddable":true,"href":"https:\/\/www.yungayino.cl\/noticias\/index.php?rest_route=%2Fwp%2Fv2%2Fcategories&post=25604"},{"taxonomy":"post_tag","embeddable":true,"href":"https:\/\/www.yungayino.cl\/noticias\/index.php?rest_route=%2Fwp%2Fv2%2Ftags&post=25604"}],"curies":[{"name":"wp","href":"https:\/\/api.w.org\/{rel}","templated":true}]}}