{"id":25617,"date":"2022-01-15T09:00:20","date_gmt":"2022-01-15T12:00:20","guid":{"rendered":"http:\/\/www.yungayino.cl\/noticias\/?p=25617"},"modified":"2022-01-14T19:27:52","modified_gmt":"2022-01-14T22:27:52","slug":"habilitan-puente-el-parron","status":"publish","type":"post","link":"https:\/\/www.yungayino.cl\/noticias\/?p=25617","title":{"rendered":"Habilitan Puente El Parr\u00f3n"},"content":{"rendered":"<p><img loading=\"lazy\" decoding=\"async\" class=\"alignnone size-full wp-image-25618\" src=\"http:\/\/www.yungayino.cl\/noticias\/wp-content\/uploads\/2022\/01\/puente-el-parron.jpg\" alt=\"\" width=\"700\" height=\"350\" srcset=\"https:\/\/www.yungayino.cl\/noticias\/wp-content\/uploads\/2022\/01\/puente-el-parron.jpg 700w, https:\/\/www.yungayino.cl\/noticias\/wp-content\/uploads\/2022\/01\/puente-el-parron-300x150.jpg 300w\" sizes=\"auto, (max-width: 700px) 100vw, 700px\" \/><\/p>\n<p style=\"text-align: justify;\">Yungay, enero 2022: Este martes, el emblem\u00e1tico puente que une Ranchillo Bajo y San Miguel de Itata con Rinconada Itata y Yungay, fue, finalmente, habilitado.<\/p>\n<p style=\"text-align: justify;\">\u201cEste tipo de inversiones para nuestra comuna la agradecemos enormemente. El puente El Parr\u00f3n nos permite mejorar la conectividad de nuestros vecinos y vecinas no s\u00f3lo con nuestra comuna, sino que tambi\u00e9n con la ruta 5 y Cabrero, estoy seguro que se le dar\u00e1 un muy buen uso, ya que es una ruta muy transitada y estamos muy contentos con su habilitaci\u00f3n que mejora la calidad de vida de nuestros habitantes\u201d se\u00f1al\u00f3 la primera autoridad, Rafael Cifuentes Rodr\u00edguez.<\/p>\n<p style=\"text-align: justify;\">La reposici\u00f3n de la estructura de 60 metros de largo en la ruta O-901N cont\u00f3 con una inversi\u00f3n de 339 millones de pesos, financiados a trav\u00e9s de vialidad y el ministerio de obras p\u00fablicas.<\/p>\n<p style=\"text-align: justify;\">El paso fue abierto por el delegado presidencia, Crist\u00f3bal Jardua, el seremi de obras p\u00fablicas, Javier Parra y el acalde de Yungay, Rafael Cifuentes Rodr\u00edguez.<\/p>\n","protected":false},"excerpt":{"rendered":"<p>Yungay, enero 2022: Este martes, el emblem\u00e1tico puente que une Ranchillo Bajo y San Miguel de Itata con Rinconada Itata y Yungay, fue, finalmente, habilitado. \u201cEste tipo de inversiones para nuestra comuna la agradecemos&#46;&#46;&#46;<\/p>\n","protected":false},"author":2,"featured_media":25618,"comment_status":"closed","ping_status":"open","sticky":false,"template":"","format":"standard","meta":{"footnotes":""},"categories":[1],"tags":[1115,2496,8,6,117],"class_list":["post-25617","post","type-post","status-publish","format-standard","has-post-thumbnail","hentry","category-noticias","tag-noticias","tag-puente-el-parron","tag-yungay","tag-yungayino","tag-yungayinocl"],"_links":{"self":[{"href":"https:\/\/www.yungayino.cl\/noticias\/index.php?rest_route=\/wp\/v2\/posts\/25617","targetHints":{"allow":["GET"]}}],"collection":[{"href":"https:\/\/www.yungayino.cl\/noticias\/index.php?rest_route=\/wp\/v2\/posts"}],"about":[{"href":"https:\/\/www.yungayino.cl\/noticias\/index.php?rest_route=\/wp\/v2\/types\/post"}],"author":[{"embeddable":true,"href":"https:\/\/www.yungayino.cl\/noticias\/index.php?rest_route=\/wp\/v2\/users\/2"}],"replies":[{"embeddable":true,"href":"https:\/\/www.yungayino.cl\/noticias\/index.php?rest_route=%2Fwp%2Fv2%2Fcomments&post=25617"}],"version-history":[{"count":1,"href":"https:\/\/www.yungayino.cl\/noticias\/index.php?rest_route=\/wp\/v2\/posts\/25617\/revisions"}],"predecessor-version":[{"id":25619,"href":"https:\/\/www.yungayino.cl\/noticias\/index.php?rest_route=\/wp\/v2\/posts\/25617\/revisions\/25619"}],"wp:featuredmedia":[{"embeddable":true,"href":"https:\/\/www.yungayino.cl\/noticias\/index.php?rest_route=\/wp\/v2\/media\/25618"}],"wp:attachment":[{"href":"https:\/\/www.yungayino.cl\/noticias\/index.php?rest_route=%2Fwp%2Fv2%2Fmedia&parent=25617"}],"wp:term":[{"taxonomy":"category","embeddable":true,"href":"https:\/\/www.yungayino.cl\/noticias\/index.php?rest_route=%2Fwp%2Fv2%2Fcategories&post=25617"},{"taxonomy":"post_tag","embeddable":true,"href":"https:\/\/www.yungayino.cl\/noticias\/index.php?rest_route=%2Fwp%2Fv2%2Ftags&post=25617"}],"curies":[{"name":"wp","href":"https:\/\/api.w.org\/{rel}","templated":true}]}}