{"id":25644,"date":"2022-01-20T22:00:18","date_gmt":"2022-01-21T01:00:18","guid":{"rendered":"http:\/\/www.yungayino.cl\/noticias\/?p=25644"},"modified":"2022-01-21T01:23:25","modified_gmt":"2022-01-21T04:23:25","slug":"misa-accion-de-gracias-ofrenda-floral-y-acto-en-aniversario-180-anos-de-yungay","status":"publish","type":"post","link":"https:\/\/www.yungayino.cl\/noticias\/?p=25644","title":{"rendered":"Misa Acci\u00f3n de Gracias, Ofrenda Floral y Acto en Aniversario 180 a\u00f1os de Yungay"},"content":{"rendered":"<p><img loading=\"lazy\" decoding=\"async\" class=\"alignnone size-full wp-image-25645\" src=\"http:\/\/www.yungayino.cl\/noticias\/wp-content\/uploads\/2022\/01\/portada.jpg\" alt=\"\" width=\"700\" height=\"387\" srcset=\"https:\/\/www.yungayino.cl\/noticias\/wp-content\/uploads\/2022\/01\/portada.jpg 700w, https:\/\/www.yungayino.cl\/noticias\/wp-content\/uploads\/2022\/01\/portada-300x166.jpg 300w, https:\/\/www.yungayino.cl\/noticias\/wp-content\/uploads\/2022\/01\/portada-271x150.jpg 271w\" sizes=\"auto, (max-width: 700px) 100vw, 700px\" \/><\/p>\n<p style=\"text-align: justify;\">Yungay, 20 de enero 2022: Para conmemorar los 180 a\u00f1os de nuestra comuna en la Parroquia San Miguel de Yungay, se reunieron Autoridades, invitados especiales y p\u00fablico en general, junto al Padre Boanerges Correa L\u00f3pez, quien lider\u00f3 la misa de acci\u00f3n de gracias.<\/p>\n<p style=\"text-align: justify;\">Continuando con la tradici\u00f3n los asistentes de dirigieron hasta el busto del general Fernando Baquedano, dejando instalado una ofrenda floral.<\/p>\n<p style=\"text-align: justify;\">Luego se realiz\u00f3 el acto recordando que nuestra comuna fue bautizada un 20 de enero de 1842 por el general Fernando Baquedano, en honor a la batalla de Yungay, cuando el ej\u00e9rcito chileno obtuvo la victoria ante la Confederaci\u00f3n peruanoboliviana, el 20 de enero de 1839.<\/p>\n<p style=\"text-align: justify;\">En este marco y con motivo de nuestro aniversario, las autoridades entregaron un reconocimiento a yungayinos y yungayinas por su gran compromiso, apoyo y aporte a la prosperidad de nuestra tierra.<\/p>\n<p style=\"text-align: justify;\">Por su trayectoria como artesana de Campanario, siendo destacada a nivel regional, a do\u00f1a Audolina Janett Vallejos Heredia.<\/p>\n<p style=\"text-align: justify;\">Por ser un destacado cantor popular y payador de la Comuna de Yungay, a Fernando Y\u00e1\u00f1ez Betancourt.<\/p>\n<p style=\"text-align: justify;\">Por su destacada vocaci\u00f3n y compromiso de servicio p\u00fablico, al funcionario municipal Juan Israel Figueroa Molina.<\/p>\n<p style=\"text-align: justify;\">Al Hist\u00f3rico deportista destacado de Yungay, quien fue socio fundador Club Deportivo Grado Vocacional, Arnoldo C\u00e1rdenas Inostroza.<\/p>\n<p style=\"text-align: justify;\">A Otilio Mu\u00f1oz Inostroza, hist\u00f3rico deportista destacado de Yungay y socio fundador Club Deportivo Grado Vocacional.<\/p>\n<p style=\"text-align: justify;\">A Luis Alberto Cifuentes, jugador y tambi\u00e9n socio fundador Club Deportivo Grado Vocacional.<\/p>\n<p style=\"text-align: justify;\">Al Pastor Bernardo Leal P\u00e9rez por su solidaridad y compromiso con la gente que m\u00e1s lo necesita.<\/p>\n<p style=\"text-align: justify;\">Al Padre Boanerges Correa L\u00f3pez, p\u00e1rroco de la Parroquia San Miguel de Yungay, por su noble solidaridad y destacado trabajo al servicio de Yungay.<\/p>\n<p style=\"text-align: justify;\">En tiempos de pandemia, el rol de las y los funcionarios de salud ha sido fundamental y esencial para la vida de las personas, por eso reconocemos a todos quienes se desempe\u00f1an en los diferentes recintos de atenci\u00f3n p\u00fablica de la comuna de Yungay.<\/p>\n<p style=\"text-align: justify;\">En representaci\u00f3n del \u201cHospital Comunitario de Salud Familiar Pedro Morales Campos de Yungay\u201d y todos los funcionarios que all\u00ed trabajan, a don Luis Gatica Pinilla, por la destacada labor al servicio de Yungay, especialmente en estos tiempos de pandemia.<\/p>\n<p style=\"text-align: justify;\">Por el tremendo trabajo de la salud municipal, al Departamento de Salud Municipal de Yungay, a trav\u00e9s de don Rodolfo San Mart\u00edn V\u00e1squez.<\/p>\n<p style=\"text-align: justify;\">A las y los funcionarios del Centro de Salud Familiar de Campanario representados por su director, Juan Pablo Fern\u00e1ndez Madrid.<\/p>\n<p style=\"text-align: justify;\">Por el trabajo que se ha realizado desde la Posta Rural de San Antonio, tambi\u00e9n entregamos un reconocimiento a Romy Jofre Retamal.<\/p>\n<p style=\"text-align: justify;\">En representaci\u00f3n de la Estaci\u00f3n M\u00e9dico Rural de Ranchillo Bajo, a do\u00f1a Claudia Castillo Lara.<\/p>\n<p style=\"text-align: justify;\">Al Cabo 1ro. Edward Figueroa V\u00e1squez de la 4ta. Comisaria de Carabineros de Yungay, por su esp\u00edritu policial y aporte en la seguridad de la comuna.<\/p>\n<p style=\"text-align: justify;\">Por el trabajo que cada voluntario y voluntaria realizan d\u00eda a d\u00eda al servicio de la comunidad yungayina, especialmente en tiempos de pandemia, al Cuerpo de Bomberos de Yungay a trav\u00e9s de su superintendente, don Francisco Sep\u00falveda Ocampos.<\/p>\n<p style=\"text-align: justify;\">Al Departamento de Administraci\u00f3n de Educaci\u00f3n Municipal de Yungay y por su intermedio a todos quienes trabajan en la educaci\u00f3n p\u00fablica-municipal, destacando la labor de aprendizaje para nuestros ni\u00f1os, ni\u00f1as y j\u00f3venes, en estos tiempos de pandemia, representados por el director del DAEM, don David Mart\u00ednez Vergara.<\/p>\n<p>&nbsp;<\/p>\n<p style=\"text-align: justify;\">[su_button url=\u00bbhttps:\/\/web.facebook.com\/media\/set\/?vanity=yungayino.cl&amp;set=a.5330554230292906&#8243; target=\u00bbblank\u00bb size=\u00bb7&#8243; radius=\u00bbround\u00bb icon=\u00bbicon: facebook-square\u00bb]FOTOGRAF\u00cdAS &#8211; Misa Acci\u00f3n de Gracias, Ofrenda Floral y Acto en Aniversario 180 a\u00f1os de Yungay[\/su_button]<\/p>\n","protected":false},"excerpt":{"rendered":"<p>Yungay, 20 de enero 2022: Para conmemorar los 180 a\u00f1os de nuestra comuna en la Parroquia San Miguel de Yungay, se reunieron Autoridades, invitados especiales y p\u00fablico en general, junto al Padre Boanerges Correa&#46;&#46;&#46;<\/p>\n","protected":false},"author":2,"featured_media":25645,"comment_status":"closed","ping_status":"open","sticky":false,"template":"","format":"standard","meta":{"footnotes":""},"categories":[3,14,1],"tags":[2562,298,1115,8,6,117],"class_list":["post-25644","post","type-post","status-publish","format-standard","has-post-thumbnail","hentry","category-actualidad","category-historia","category-noticias","tag-180-anos","tag-aniversario","tag-noticias","tag-yungay","tag-yungayino","tag-yungayinocl"],"_links":{"self":[{"href":"https:\/\/www.yungayino.cl\/noticias\/index.php?rest_route=\/wp\/v2\/posts\/25644","targetHints":{"allow":["GET"]}}],"collection":[{"href":"https:\/\/www.yungayino.cl\/noticias\/index.php?rest_route=\/wp\/v2\/posts"}],"about":[{"href":"https:\/\/www.yungayino.cl\/noticias\/index.php?rest_route=\/wp\/v2\/types\/post"}],"author":[{"embeddable":true,"href":"https:\/\/www.yungayino.cl\/noticias\/index.php?rest_route=\/wp\/v2\/users\/2"}],"replies":[{"embeddable":true,"href":"https:\/\/www.yungayino.cl\/noticias\/index.php?rest_route=%2Fwp%2Fv2%2Fcomments&post=25644"}],"version-history":[{"count":3,"href":"https:\/\/www.yungayino.cl\/noticias\/index.php?rest_route=\/wp\/v2\/posts\/25644\/revisions"}],"predecessor-version":[{"id":25648,"href":"https:\/\/www.yungayino.cl\/noticias\/index.php?rest_route=\/wp\/v2\/posts\/25644\/revisions\/25648"}],"wp:featuredmedia":[{"embeddable":true,"href":"https:\/\/www.yungayino.cl\/noticias\/index.php?rest_route=\/wp\/v2\/media\/25645"}],"wp:attachment":[{"href":"https:\/\/www.yungayino.cl\/noticias\/index.php?rest_route=%2Fwp%2Fv2%2Fmedia&parent=25644"}],"wp:term":[{"taxonomy":"category","embeddable":true,"href":"https:\/\/www.yungayino.cl\/noticias\/index.php?rest_route=%2Fwp%2Fv2%2Fcategories&post=25644"},{"taxonomy":"post_tag","embeddable":true,"href":"https:\/\/www.yungayino.cl\/noticias\/index.php?rest_route=%2Fwp%2Fv2%2Ftags&post=25644"}],"curies":[{"name":"wp","href":"https:\/\/api.w.org\/{rel}","templated":true}]}}